
{"id":78231,"date":"2019-02-12T20:41:34","date_gmt":"2019-02-12T23:41:34","guid":{"rendered":"http:\/\/www.sudoestehoje.com.br\/novoportal\/?p=78231"},"modified":"2019-02-12T20:41:34","modified_gmt":"2019-02-12T23:41:34","slug":"horario-de-verao-termina-neste-fim-de-semana-em-10-estados-e-no-df","status":"publish","type":"post","link":"https:\/\/www.sudoestehoje.com.br\/novoportal\/2019\/02\/12\/horario-de-verao-termina-neste-fim-de-semana-em-10-estados-e-no-df\/","title":{"rendered":"HOR\u00c1RIO DE VER\u00c3O TERMINA NESTE FIM DE SEMANA EM 10 ESTADOS E NO DF"},"content":{"rendered":"<div class=\"mc-column content-text active-extra-styles active-capital-letter\" data-block-type=\"unstyled\" data-block-weight=\"39\" data-block-id=\"2\">\n<p class=\"content-text__container theme-color-primary-first-letter\" data-track-category=\"Link no Texto\" data-track-links=\"\"><a href=\"http:\/\/www.sudoestehoje.com.br\/novoportal\/wp-content\/uploads\/2019\/02\/VER\u00c3O.jpg\"><img loading=\"lazy\" decoding=\"async\" class=\"aligncenter size-medium wp-image-78233\" src=\"http:\/\/www.sudoestehoje.com.br\/novoportal\/wp-content\/uploads\/2019\/02\/VER\u00c3O-500x261.jpg\" alt=\"\" width=\"500\" height=\"261\" srcset=\"https:\/\/www.sudoestehoje.com.br\/novoportal\/wp-content\/uploads\/2019\/02\/VER\u00c3O-500x261.jpg 500w, https:\/\/www.sudoestehoje.com.br\/novoportal\/wp-content\/uploads\/2019\/02\/VER\u00c3O.jpg 540w\" sizes=\"auto, (max-width: 500px) 100vw, 500px\" \/><\/a><\/p>\n<p class=\"content-text__container theme-color-primary-first-letter\" data-track-category=\"Link no Texto\" data-track-links=\"\">O hor\u00e1rio de ver\u00e3o de 2018, que come\u00e7ou no dia 4 de novembro, termina neste domingo (17). Ao t\u00e9rmino do hor\u00e1rio de ver\u00e3o, os moradores de 10 estados e do Distrito Federal devem atrasar o rel\u00f3gio em uma hora.<\/p>\n<\/div>\n<div class=\"wall protected-content\">\n<div class=\"mc-column content-text active-extra-styles \" data-block-type=\"unstyled\" data-block-weight=\"36\" data-block-id=\"3\">\n<p class=\"content-text__container \" data-track-category=\"Link no Texto\" data-track-links=\"\">O ajuste vale para as regi\u00f5es Sudeste, Sul e Centro-Oeste (S\u00e3o Paulo, Rio de Janeiro, Minas Gerais, Esp\u00edrito Santo, Rio Grande do Sul, Santa Catarina, Paran\u00e1, Goi\u00e1s, Mato Grosso, Mato Grosso do Sul e Distrito Federal).<\/p>\n<p class=\"content-text__container \" data-track-category=\"Link no Texto\" data-track-links=\"\">Este ano, o hor\u00e1rio de ver\u00e3o foi encurtado &#8211; come\u00e7ou mais tarde. Antes, ele se iniciava no terceiro domingo de outubro. Em dezembro de 2017, o presidente Michel Temer assinou decreto que\u00a0<a href=\"https:\/\/g1.globo.com\/economia\/noticia\/horario-de-verao-comecara-em-novembro-e-nao-mais-em-outubro-a-partir-de-2018-informa-planalto.ghtml\">encurtou a dura\u00e7\u00e3o do hor\u00e1rio de ver\u00e3o<\/a>, atendendo a pedido do Tribunal Superior Eleitoral, para que o in\u00edcio do hor\u00e1rio de ver\u00e3o n\u00e3o ocorresse entre o primeiro e o segundo turno da elei\u00e7\u00e3o.<\/p>\n<\/div>\n<\/div>\n","protected":false},"excerpt":{"rendered":"<p>O hor\u00e1rio de ver\u00e3o de 2018, que come\u00e7ou no dia 4 de novembro, termina neste domingo (17). Ao t\u00e9rmino do hor\u00e1rio de ver\u00e3o, os moradores de 10 estados e do Distrito Federal devem atrasar o rel\u00f3gio em uma hora. O ajuste vale para as regi\u00f5es Sudeste, Sul e Centro-Oeste (S\u00e3o Paulo, Rio de Janeiro, Minas [&hellip;]<\/p>\n","protected":false},"author":2,"featured_media":78233,"comment_status":"open","ping_status":"open","sticky":false,"template":"","format":"standard","meta":{"footnotes":"","_links_to":"","_links_to_target":""},"categories":[1],"tags":[],"class_list":["post-78231","post","type-post","status-publish","format-standard","has-post-thumbnail","hentry","category-geral"],"views":1021,"_links":{"self":[{"href":"https:\/\/www.sudoestehoje.com.br\/novoportal\/wp-json\/wp\/v2\/posts\/78231","targetHints":{"allow":["GET"]}}],"collection":[{"href":"https:\/\/www.sudoestehoje.com.br\/novoportal\/wp-json\/wp\/v2\/posts"}],"about":[{"href":"https:\/\/www.sudoestehoje.com.br\/novoportal\/wp-json\/wp\/v2\/types\/post"}],"author":[{"embeddable":true,"href":"https:\/\/www.sudoestehoje.com.br\/novoportal\/wp-json\/wp\/v2\/users\/2"}],"replies":[{"embeddable":true,"href":"https:\/\/www.sudoestehoje.com.br\/novoportal\/wp-json\/wp\/v2\/comments?post=78231"}],"version-history":[{"count":2,"href":"https:\/\/www.sudoestehoje.com.br\/novoportal\/wp-json\/wp\/v2\/posts\/78231\/revisions"}],"predecessor-version":[{"id":78234,"href":"https:\/\/www.sudoestehoje.com.br\/novoportal\/wp-json\/wp\/v2\/posts\/78231\/revisions\/78234"}],"wp:featuredmedia":[{"embeddable":true,"href":"https:\/\/www.sudoestehoje.com.br\/novoportal\/wp-json\/wp\/v2\/media\/78233"}],"wp:attachment":[{"href":"https:\/\/www.sudoestehoje.com.br\/novoportal\/wp-json\/wp\/v2\/media?parent=78231"}],"wp:term":[{"taxonomy":"category","embeddable":true,"href":"https:\/\/www.sudoestehoje.com.br\/novoportal\/wp-json\/wp\/v2\/categories?post=78231"},{"taxonomy":"post_tag","embeddable":true,"href":"https:\/\/www.sudoestehoje.com.br\/novoportal\/wp-json\/wp\/v2\/tags?post=78231"}],"curies":[{"name":"wp","href":"https:\/\/api.w.org\/{rel}","templated":true}]}}