
{"id":78225,"date":"2019-02-12T20:23:07","date_gmt":"2019-02-12T23:23:07","guid":{"rendered":"http:\/\/www.sudoestehoje.com.br\/novoportal\/?p=78225"},"modified":"2019-02-12T20:30:29","modified_gmt":"2019-02-12T23:30:29","slug":"advogado-e-suspeito-de-espancar-e-tentar-matar-policial-em-feira-de-santana","status":"publish","type":"post","link":"https:\/\/www.sudoestehoje.com.br\/novoportal\/2019\/02\/12\/advogado-e-suspeito-de-espancar-e-tentar-matar-policial-em-feira-de-santana\/","title":{"rendered":"ADVOGADO \u00c9 SUSPEITO DE ESPANCAR E TENTAR MATAR POLICIAL EM FEIRA DE SANTANA"},"content":{"rendered":"<p><a href=\"http:\/\/www.sudoestehoje.com.br\/novoportal\/wp-content\/uploads\/2019\/02\/ADVOGADO-FEIRA.jpg\"><img loading=\"lazy\" decoding=\"async\" class=\"aligncenter size-medium wp-image-78229\" src=\"http:\/\/www.sudoestehoje.com.br\/novoportal\/wp-content\/uploads\/2019\/02\/ADVOGADO-FEIRA-500x260.jpg\" alt=\"\" width=\"500\" height=\"260\" srcset=\"https:\/\/www.sudoestehoje.com.br\/novoportal\/wp-content\/uploads\/2019\/02\/ADVOGADO-FEIRA-500x260.jpg 500w, https:\/\/www.sudoestehoje.com.br\/novoportal\/wp-content\/uploads\/2019\/02\/ADVOGADO-FEIRA.jpg 540w\" sizes=\"auto, (max-width: 500px) 100vw, 500px\" \/><\/a><\/p>\n<p>Um advogado \u00e9 suspeito de espancar, tentar matar um policial civil e atirar contra outro homem na cidade de Feira de Santana, no interior da Bahia. Segundo informa\u00e7\u00f5es da Pol\u00edcia Civil, nesta ter\u00e7a-feira (12), o suspeito de 29 anos teve o pedido de pris\u00e3o acatado pela Justi\u00e7a e est\u00e1 sendo procurado.<\/p>\n<p>Em um v\u00eddeo do circuito de seguran\u00e7a de um centro comercial mostra o suspeito agredindo o investigador e outro homem que tentou cont\u00ea-lo, na noite do \u00faltimo domingo (10). O suspeito se envolveu em uma discuss\u00e3o com a v\u00edtima dentro de um evento e o agrediu, sendo separados por amigos. Mais tarde, o advogado \u00e9 acusado de ter voltado a se envolver em outra briga, com um homem ainda n\u00e3o identificado, e foi expulso da festa.<\/p>\n<p>As informa\u00e7\u00f5es apontam que o investigador da pol\u00edcia civil tentou conversar com o homem sendo atingido, repetidamente, por v\u00e1rios socos e pontap\u00e9s violentos, at\u00e9 ficar desacordado. O suspeito, ent\u00e3o, pegou a arma e disparou contra uma testemunha que tentou ajudar. \u201cEle tamb\u00e9m disparou contra a cabe\u00e7a da v\u00edtima, mas a arma falhou\u201d, revelou o coordenador da 1\u00aa Coorpin, Roberto da Silva Leal.<\/p>\n<p>Segundo a pol\u00edcia, o acusado j\u00e1 tinha antecedente criminal, em 2007, por agress\u00e3o. \u201cEle responder\u00e1 por duas tentativas de homic\u00eddio, contra a v\u00edtima e a testemunha que tentou separar a briga, e por porte ilegal de arma de fogo\u201d, esclareceu o delegado.<\/p>\n<p>Seis testemunhas do caso j\u00e1 foram ouvidas e deram detalhes da ocorr\u00eancia, incluindo o policial que encontra-se hospitalizado e com muitos hematomas decorrentes do ataque. As dilig\u00eancias continuam e qualquer informa\u00e7\u00e3o que possa contribuir com a pris\u00e3o do procurado pode ser transmitida atrav\u00e9s do Disque Den\u00fancia (3235-000 e 181).<\/p>\n","protected":false},"excerpt":{"rendered":"<p>Um advogado \u00e9 suspeito de espancar, tentar matar um policial civil e atirar contra outro homem na cidade de Feira de Santana, no interior da Bahia. Segundo informa\u00e7\u00f5es da Pol\u00edcia Civil, nesta ter\u00e7a-feira (12), o suspeito de 29 anos teve o pedido de pris\u00e3o acatado pela Justi\u00e7a e est\u00e1 sendo procurado. Em um v\u00eddeo do [&hellip;]<\/p>\n","protected":false},"author":2,"featured_media":78229,"comment_status":"open","ping_status":"open","sticky":false,"template":"","format":"standard","meta":{"footnotes":"","_links_to":"","_links_to_target":""},"categories":[1],"tags":[],"class_list":["post-78225","post","type-post","status-publish","format-standard","has-post-thumbnail","hentry","category-geral"],"views":1507,"_links":{"self":[{"href":"https:\/\/www.sudoestehoje.com.br\/novoportal\/wp-json\/wp\/v2\/posts\/78225","targetHints":{"allow":["GET"]}}],"collection":[{"href":"https:\/\/www.sudoestehoje.com.br\/novoportal\/wp-json\/wp\/v2\/posts"}],"about":[{"href":"https:\/\/www.sudoestehoje.com.br\/novoportal\/wp-json\/wp\/v2\/types\/post"}],"author":[{"embeddable":true,"href":"https:\/\/www.sudoestehoje.com.br\/novoportal\/wp-json\/wp\/v2\/users\/2"}],"replies":[{"embeddable":true,"href":"https:\/\/www.sudoestehoje.com.br\/novoportal\/wp-json\/wp\/v2\/comments?post=78225"}],"version-history":[{"count":3,"href":"https:\/\/www.sudoestehoje.com.br\/novoportal\/wp-json\/wp\/v2\/posts\/78225\/revisions"}],"predecessor-version":[{"id":78230,"href":"https:\/\/www.sudoestehoje.com.br\/novoportal\/wp-json\/wp\/v2\/posts\/78225\/revisions\/78230"}],"wp:featuredmedia":[{"embeddable":true,"href":"https:\/\/www.sudoestehoje.com.br\/novoportal\/wp-json\/wp\/v2\/media\/78229"}],"wp:attachment":[{"href":"https:\/\/www.sudoestehoje.com.br\/novoportal\/wp-json\/wp\/v2\/media?parent=78225"}],"wp:term":[{"taxonomy":"category","embeddable":true,"href":"https:\/\/www.sudoestehoje.com.br\/novoportal\/wp-json\/wp\/v2\/categories?post=78225"},{"taxonomy":"post_tag","embeddable":true,"href":"https:\/\/www.sudoestehoje.com.br\/novoportal\/wp-json\/wp\/v2\/tags?post=78225"}],"curies":[{"name":"wp","href":"https:\/\/api.w.org\/{rel}","templated":true}]}}