
{"id":78216,"date":"2019-02-11T22:01:09","date_gmt":"2019-02-12T01:01:09","guid":{"rendered":"http:\/\/www.sudoestehoje.com.br\/novoportal\/?p=78216"},"modified":"2019-02-11T22:01:09","modified_gmt":"2019-02-12T01:01:09","slug":"servico-de-transporte-da-secretaria-de-saude-funciona-normalmente","status":"publish","type":"post","link":"https:\/\/www.sudoestehoje.com.br\/novoportal\/2019\/02\/11\/servico-de-transporte-da-secretaria-de-saude-funciona-normalmente\/","title":{"rendered":"SERVI\u00c7O DE TRANSPORTE DA SECRETARIA DE SA\u00daDE FUNCIONA NORMALMENTE"},"content":{"rendered":"<p><a href=\"http:\/\/www.sudoestehoje.com.br\/novoportal\/wp-content\/uploads\/2019\/02\/carros-sa\u00fade.jpg\"><img loading=\"lazy\" decoding=\"async\" class=\"aligncenter size-medium wp-image-78217\" src=\"http:\/\/www.sudoestehoje.com.br\/novoportal\/wp-content\/uploads\/2019\/02\/carros-sa\u00fade-500x375.jpg\" alt=\"\" width=\"500\" height=\"375\" srcset=\"https:\/\/www.sudoestehoje.com.br\/novoportal\/wp-content\/uploads\/2019\/02\/carros-sa\u00fade-500x375.jpg 500w, https:\/\/www.sudoestehoje.com.br\/novoportal\/wp-content\/uploads\/2019\/02\/carros-sa\u00fade-768x576.jpg 768w, https:\/\/www.sudoestehoje.com.br\/novoportal\/wp-content\/uploads\/2019\/02\/carros-sa\u00fade-700x525.jpg 700w, https:\/\/www.sudoestehoje.com.br\/novoportal\/wp-content\/uploads\/2019\/02\/carros-sa\u00fade.jpg 960w\" sizes=\"auto, (max-width: 500px) 100vw, 500px\" \/><\/a><\/p>\n<p>Mesmo com paralisa\u00e7\u00e3o de alguns motoristas, a Secretaria de Sa\u00fade de Itapetinga continua com marca\u00e7\u00e3o e transporte de pacientes para procedimentos na regi\u00e3o.<\/p>\n<p>Motoristas que n\u00e3o aderiram \u00e0 paralisa\u00e7\u00e3o e percentual de motoristas que continuam no trabalho, est\u00e3o realizando os servi\u00e7os de maneira ordeira e ajudando a popula\u00e7\u00e3o.<\/p>\n<p>Assim a sa\u00fade continua andando e levando Sa\u00fade a quem mais precisa. \/\/<em>Ascom\u00a0<\/em><\/p>\n","protected":false},"excerpt":{"rendered":"<p>Mesmo com paralisa\u00e7\u00e3o de alguns motoristas, a Secretaria de Sa\u00fade de Itapetinga continua com marca\u00e7\u00e3o e transporte de pacientes para procedimentos na regi\u00e3o. Motoristas que n\u00e3o aderiram \u00e0 paralisa\u00e7\u00e3o e percentual de motoristas que continuam no trabalho, est\u00e3o realizando os servi\u00e7os de maneira ordeira e ajudando a popula\u00e7\u00e3o. Assim a sa\u00fade continua andando e levando [&hellip;]<\/p>\n","protected":false},"author":2,"featured_media":78217,"comment_status":"open","ping_status":"open","sticky":false,"template":"","format":"standard","meta":{"footnotes":"","_links_to":"","_links_to_target":""},"categories":[1],"tags":[],"class_list":["post-78216","post","type-post","status-publish","format-standard","has-post-thumbnail","hentry","category-geral"],"views":1034,"_links":{"self":[{"href":"https:\/\/www.sudoestehoje.com.br\/novoportal\/wp-json\/wp\/v2\/posts\/78216","targetHints":{"allow":["GET"]}}],"collection":[{"href":"https:\/\/www.sudoestehoje.com.br\/novoportal\/wp-json\/wp\/v2\/posts"}],"about":[{"href":"https:\/\/www.sudoestehoje.com.br\/novoportal\/wp-json\/wp\/v2\/types\/post"}],"author":[{"embeddable":true,"href":"https:\/\/www.sudoestehoje.com.br\/novoportal\/wp-json\/wp\/v2\/users\/2"}],"replies":[{"embeddable":true,"href":"https:\/\/www.sudoestehoje.com.br\/novoportal\/wp-json\/wp\/v2\/comments?post=78216"}],"version-history":[{"count":2,"href":"https:\/\/www.sudoestehoje.com.br\/novoportal\/wp-json\/wp\/v2\/posts\/78216\/revisions"}],"predecessor-version":[{"id":78219,"href":"https:\/\/www.sudoestehoje.com.br\/novoportal\/wp-json\/wp\/v2\/posts\/78216\/revisions\/78219"}],"wp:featuredmedia":[{"embeddable":true,"href":"https:\/\/www.sudoestehoje.com.br\/novoportal\/wp-json\/wp\/v2\/media\/78217"}],"wp:attachment":[{"href":"https:\/\/www.sudoestehoje.com.br\/novoportal\/wp-json\/wp\/v2\/media?parent=78216"}],"wp:term":[{"taxonomy":"category","embeddable":true,"href":"https:\/\/www.sudoestehoje.com.br\/novoportal\/wp-json\/wp\/v2\/categories?post=78216"},{"taxonomy":"post_tag","embeddable":true,"href":"https:\/\/www.sudoestehoje.com.br\/novoportal\/wp-json\/wp\/v2\/tags?post=78216"}],"curies":[{"name":"wp","href":"https:\/\/api.w.org\/{rel}","templated":true}]}}