
{"id":78212,"date":"2019-02-11T21:53:11","date_gmt":"2019-02-12T00:53:11","guid":{"rendered":"http:\/\/www.sudoestehoje.com.br\/novoportal\/?p=78212"},"modified":"2019-02-11T21:53:11","modified_gmt":"2019-02-12T00:53:11","slug":"inscricoes-para-a-policlinica-de-conquista-abrem-nesta-terca-feira-salarios-podem-chegar-a-5-mil","status":"publish","type":"post","link":"https:\/\/www.sudoestehoje.com.br\/novoportal\/2019\/02\/11\/inscricoes-para-a-policlinica-de-conquista-abrem-nesta-terca-feira-salarios-podem-chegar-a-5-mil\/","title":{"rendered":"INSCRI\u00c7\u00d5ES PARA A POLICL\u00cdNICA DE CONQUISTA ABREM NESTA TER\u00c7A-FEIRA; SAL\u00c1RIOS PODEM CHEGAR A 5 MIL"},"content":{"rendered":"<p><a href=\"http:\/\/www.sudoestehoje.com.br\/novoportal\/wp-content\/uploads\/2019\/02\/Policl\u00ednica-em-obras-Foto-Blog-do-Anderson.jpg\"><img loading=\"lazy\" decoding=\"async\" class=\"aligncenter size-medium wp-image-78213\" src=\"http:\/\/www.sudoestehoje.com.br\/novoportal\/wp-content\/uploads\/2019\/02\/Policl\u00ednica-em-obras-Foto-Blog-do-Anderson-500x334.jpg\" alt=\"\" width=\"500\" height=\"334\" srcset=\"https:\/\/www.sudoestehoje.com.br\/novoportal\/wp-content\/uploads\/2019\/02\/Policl\u00ednica-em-obras-Foto-Blog-do-Anderson-500x334.jpg 500w, https:\/\/www.sudoestehoje.com.br\/novoportal\/wp-content\/uploads\/2019\/02\/Policl\u00ednica-em-obras-Foto-Blog-do-Anderson.jpg 600w\" sizes=\"auto, (max-width: 500px) 100vw, 500px\" \/><\/a><\/p>\n<p>A partir das 10 horas desta ter\u00e7a-feira, 12,\u00a0estar\u00e3o abertas as inscri\u00e7\u00f5es para a sele\u00e7\u00e3o p\u00fablica para preenchimento de vagas e emprego de n\u00edvel m\u00e9dio e superior para a Policl\u00ednica Regional de Vit\u00f3ria da Conquista, que deve ser inaugurada no final de abril. A\u00a0sele\u00e7\u00e3o ser\u00e1 feita pela Funda\u00e7\u00e3o Cefet Bahia, por solicita\u00e7\u00e3o do Cons\u00f3rcio P\u00fablico Interfederativo de Sa\u00fade da Regi\u00e3o de Vit\u00f3ria da Conquista e Itapetinga. As inscri\u00e7\u00f5es se encerram \u00e0s 23h59 do dia 10 de mar\u00e7o.<\/p>\n<p>S\u00e3o 63 vagas, sendo cinco para cadastro reserva, para m\u00e9dicos, enfermeiros, psic\u00f3logo, farmac\u00eauticos, nutricionista, t\u00e9cnicos em enfermagem, assistente social, t\u00e9cnicos em radiologia, assessor t\u00e9cnico, assistente administrativo e ouvidor. Os sal\u00e1rios variam de R$ 1.188,13 (Assistente Administrativo) a R$ 5.000,00 m\u00e9dicos. A inscri\u00e7\u00e3o custar\u00e1 R$ 90,00 para profissionais de ensino superior, R$ 70,00 para t\u00e9cnicos e R$ 60,00 para Assistente Administrativo.<\/p>\n<p>A sele\u00e7\u00e3o constar\u00e1 de prova objetiva e de t\u00edtulos. A prova objetiva est\u00e1 marcada para o dia 7 de abril, pela manh\u00e3, em Vit\u00f3ria da Conquista, Itapetinga e em Salvador, podendo ser aplicada tamb\u00e9m em cidades vizinhas, caso o n\u00famero de inscritos exceda a capacidade de aloca\u00e7\u00e3o nas tr\u00eas cidades.<\/p>\n<p>As informa\u00e7\u00f5es completas est\u00e3o no\u00a0<strong><a href=\"https:\/\/secure75.securewebsession.com\/fundacaocefetbahia.org.br\/policlinica\/vitoriadaconquista\/edital_policlinica_vitoriadaconquista_001_2019.pdf\">Edital<\/a><\/strong><\/p>\n<p>Com informa\u00e7\u00f5es do\u00a0<a href=\"https:\/\/blogdegiorlandolima.com\/\">Blog de Giorlando Lima<\/a><\/p>\n","protected":false},"excerpt":{"rendered":"<p>A partir das 10 horas desta ter\u00e7a-feira, 12,\u00a0estar\u00e3o abertas as inscri\u00e7\u00f5es para a sele\u00e7\u00e3o p\u00fablica para preenchimento de vagas e emprego de n\u00edvel m\u00e9dio e superior para a Policl\u00ednica Regional de Vit\u00f3ria da Conquista, que deve ser inaugurada no final de abril. A\u00a0sele\u00e7\u00e3o ser\u00e1 feita pela Funda\u00e7\u00e3o Cefet Bahia, por solicita\u00e7\u00e3o do Cons\u00f3rcio P\u00fablico Interfederativo [&hellip;]<\/p>\n","protected":false},"author":2,"featured_media":78213,"comment_status":"open","ping_status":"open","sticky":false,"template":"","format":"standard","meta":{"footnotes":"","_links_to":"","_links_to_target":""},"categories":[1],"tags":[],"class_list":["post-78212","post","type-post","status-publish","format-standard","has-post-thumbnail","hentry","category-geral"],"views":1955,"_links":{"self":[{"href":"https:\/\/www.sudoestehoje.com.br\/novoportal\/wp-json\/wp\/v2\/posts\/78212","targetHints":{"allow":["GET"]}}],"collection":[{"href":"https:\/\/www.sudoestehoje.com.br\/novoportal\/wp-json\/wp\/v2\/posts"}],"about":[{"href":"https:\/\/www.sudoestehoje.com.br\/novoportal\/wp-json\/wp\/v2\/types\/post"}],"author":[{"embeddable":true,"href":"https:\/\/www.sudoestehoje.com.br\/novoportal\/wp-json\/wp\/v2\/users\/2"}],"replies":[{"embeddable":true,"href":"https:\/\/www.sudoestehoje.com.br\/novoportal\/wp-json\/wp\/v2\/comments?post=78212"}],"version-history":[{"count":2,"href":"https:\/\/www.sudoestehoje.com.br\/novoportal\/wp-json\/wp\/v2\/posts\/78212\/revisions"}],"predecessor-version":[{"id":78215,"href":"https:\/\/www.sudoestehoje.com.br\/novoportal\/wp-json\/wp\/v2\/posts\/78212\/revisions\/78215"}],"wp:featuredmedia":[{"embeddable":true,"href":"https:\/\/www.sudoestehoje.com.br\/novoportal\/wp-json\/wp\/v2\/media\/78213"}],"wp:attachment":[{"href":"https:\/\/www.sudoestehoje.com.br\/novoportal\/wp-json\/wp\/v2\/media?parent=78212"}],"wp:term":[{"taxonomy":"category","embeddable":true,"href":"https:\/\/www.sudoestehoje.com.br\/novoportal\/wp-json\/wp\/v2\/categories?post=78212"},{"taxonomy":"post_tag","embeddable":true,"href":"https:\/\/www.sudoestehoje.com.br\/novoportal\/wp-json\/wp\/v2\/tags?post=78212"}],"curies":[{"name":"wp","href":"https:\/\/api.w.org\/{rel}","templated":true}]}}