
{"id":78204,"date":"2019-02-11T13:43:05","date_gmt":"2019-02-11T16:43:05","guid":{"rendered":"http:\/\/www.sudoestehoje.com.br\/novoportal\/?p=78204"},"modified":"2019-02-11T18:20:32","modified_gmt":"2019-02-11T21:20:32","slug":"ricardo-boechat-morre-em-acidente-de-helicoptero-em-sao-paulo","status":"publish","type":"post","link":"https:\/\/www.sudoestehoje.com.br\/novoportal\/2019\/02\/11\/ricardo-boechat-morre-em-acidente-de-helicoptero-em-sao-paulo\/","title":{"rendered":"JORNALISTA RICARDO BOECHAT MORRE EM ACIDENTE DE HELIC\u00d3PTERO EM S\u00c3O PAULO"},"content":{"rendered":"<p><a href=\"http:\/\/www.sudoestehoje.com.br\/novoportal\/wp-content\/uploads\/2019\/02\/BOECHAT.jpg\"><img loading=\"lazy\" decoding=\"async\" class=\"aligncenter size-medium wp-image-78205\" src=\"http:\/\/www.sudoestehoje.com.br\/novoportal\/wp-content\/uploads\/2019\/02\/BOECHAT-500x333.jpg\" alt=\"\" width=\"500\" height=\"333\" srcset=\"https:\/\/www.sudoestehoje.com.br\/novoportal\/wp-content\/uploads\/2019\/02\/BOECHAT-500x333.jpg 500w, https:\/\/www.sudoestehoje.com.br\/novoportal\/wp-content\/uploads\/2019\/02\/BOECHAT.jpg 600w\" sizes=\"auto, (max-width: 500px) 100vw, 500px\" \/><\/a><\/p>\n<p>O jornalista\u00a0<strong>Ricardo Boechat<\/strong>\u00a0morreu na manh\u00e3 desta segunda-feira aos 66 anos em um\u00a0<a href=\"https:\/\/brasil.elpais.com\/tag\/accidentes_aereos\/a\/\">acidente de helic\u00f3ptero<\/a>\u00a0na rodovia Anhanguera, na Grande S\u00e3o Paulo.<\/p>\n<p>A aeronave caiu na altura do km 7 do Rodoanel por volta de meio-dia, ap\u00f3s tentar fazer um pouso de emerg\u00eancia, e bateu em um caminh\u00e3o que estava na pista e pegou fogo.<\/p>\n<p>Al\u00e9m de Boechat, o piloto, Ronaldo Quattrucci, um dos propriet\u00e1rios da empresa pela qual a aeronave estava registrada, tamb\u00e9m morreu na hora. O motorista do caminh\u00e3o foi socorrido com ferimentos leves e j\u00e1 prestou depoimento.<\/p>\n<p><a href=\"http:\/\/www.sudoestehoje.com.br\/novoportal\/wp-content\/uploads\/2019\/02\/ACIDENTE-BOECHAT.jpg\"><img loading=\"lazy\" decoding=\"async\" class=\"aligncenter size-medium wp-image-78207\" src=\"http:\/\/www.sudoestehoje.com.br\/novoportal\/wp-content\/uploads\/2019\/02\/ACIDENTE-BOECHAT-500x318.jpg\" alt=\"\" width=\"500\" height=\"318\" srcset=\"https:\/\/www.sudoestehoje.com.br\/novoportal\/wp-content\/uploads\/2019\/02\/ACIDENTE-BOECHAT-500x318.jpg 500w, https:\/\/www.sudoestehoje.com.br\/novoportal\/wp-content\/uploads\/2019\/02\/ACIDENTE-BOECHAT-768x489.jpg 768w, https:\/\/www.sudoestehoje.com.br\/novoportal\/wp-content\/uploads\/2019\/02\/ACIDENTE-BOECHAT-700x446.jpg 700w, https:\/\/www.sudoestehoje.com.br\/novoportal\/wp-content\/uploads\/2019\/02\/ACIDENTE-BOECHAT.jpg 1200w\" sizes=\"auto, (max-width: 500px) 100vw, 500px\" \/><\/a><\/p>\n<p>O\u00a0jornalista voltava de uma palestra em Campinas, quando houve o acidente. As causas da queda ainda n\u00e3o est\u00e3o claras.<\/p>\n","protected":false},"excerpt":{"rendered":"<p>O jornalista\u00a0Ricardo Boechat\u00a0morreu na manh\u00e3 desta segunda-feira aos 66 anos em um\u00a0acidente de helic\u00f3ptero\u00a0na rodovia Anhanguera, na Grande S\u00e3o Paulo. A aeronave caiu na altura do km 7 do Rodoanel por volta de meio-dia, ap\u00f3s tentar fazer um pouso de emerg\u00eancia, e bateu em um caminh\u00e3o que estava na pista e pegou fogo. Al\u00e9m de [&hellip;]<\/p>\n","protected":false},"author":2,"featured_media":78205,"comment_status":"open","ping_status":"open","sticky":false,"template":"","format":"standard","meta":{"footnotes":"","_links_to":"","_links_to_target":""},"categories":[1],"tags":[],"class_list":["post-78204","post","type-post","status-publish","format-standard","has-post-thumbnail","hentry","category-geral"],"views":972,"_links":{"self":[{"href":"https:\/\/www.sudoestehoje.com.br\/novoportal\/wp-json\/wp\/v2\/posts\/78204","targetHints":{"allow":["GET"]}}],"collection":[{"href":"https:\/\/www.sudoestehoje.com.br\/novoportal\/wp-json\/wp\/v2\/posts"}],"about":[{"href":"https:\/\/www.sudoestehoje.com.br\/novoportal\/wp-json\/wp\/v2\/types\/post"}],"author":[{"embeddable":true,"href":"https:\/\/www.sudoestehoje.com.br\/novoportal\/wp-json\/wp\/v2\/users\/2"}],"replies":[{"embeddable":true,"href":"https:\/\/www.sudoestehoje.com.br\/novoportal\/wp-json\/wp\/v2\/comments?post=78204"}],"version-history":[{"count":5,"href":"https:\/\/www.sudoestehoje.com.br\/novoportal\/wp-json\/wp\/v2\/posts\/78204\/revisions"}],"predecessor-version":[{"id":78211,"href":"https:\/\/www.sudoestehoje.com.br\/novoportal\/wp-json\/wp\/v2\/posts\/78204\/revisions\/78211"}],"wp:featuredmedia":[{"embeddable":true,"href":"https:\/\/www.sudoestehoje.com.br\/novoportal\/wp-json\/wp\/v2\/media\/78205"}],"wp:attachment":[{"href":"https:\/\/www.sudoestehoje.com.br\/novoportal\/wp-json\/wp\/v2\/media?parent=78204"}],"wp:term":[{"taxonomy":"category","embeddable":true,"href":"https:\/\/www.sudoestehoje.com.br\/novoportal\/wp-json\/wp\/v2\/categories?post=78204"},{"taxonomy":"post_tag","embeddable":true,"href":"https:\/\/www.sudoestehoje.com.br\/novoportal\/wp-json\/wp\/v2\/tags?post=78204"}],"curies":[{"name":"wp","href":"https:\/\/api.w.org\/{rel}","templated":true}]}}