
{"id":78199,"date":"2019-02-11T12:00:02","date_gmt":"2019-02-11T15:00:02","guid":{"rendered":"http:\/\/www.sudoestehoje.com.br\/novoportal\/?p=78199"},"modified":"2019-02-11T12:00:02","modified_gmt":"2019-02-11T15:00:02","slug":"prefeitura-de-macarani-emite-nota-sobre-paralisacao-de-professores","status":"publish","type":"post","link":"https:\/\/www.sudoestehoje.com.br\/novoportal\/2019\/02\/11\/prefeitura-de-macarani-emite-nota-sobre-paralisacao-de-professores\/","title":{"rendered":"PREFEITURA DE MACARANI EMITE NOTA SOBRE PARALISA\u00c7\u00c3O DE PROFESSORES"},"content":{"rendered":"<div>Apesar do prefeito Miller Ferraz ter garantido a corre\u00e7\u00e3o salarial aos professores da rede municipal, ainda neste m\u00eas de fevereiro, um grupo de docentes decidiu paralisar as suas atividades, n\u00e3o retornando \u00e0s aulas nesta segunda-feira (11), data de in\u00edcio do ano letivo de 2019. Em nota, a Secretaria de Educa\u00e7\u00e3o do Munic\u00edpio se posicionou sobre o movimento paradista dos professores. <strong><em>Confira Nota na \u00edntegra:<\/em><\/strong><\/div>\n<div>\n<div id=\"attachment_78200\" style=\"width: 410px\" class=\"wp-caption aligncenter\"><a href=\"http:\/\/www.sudoestehoje.com.br\/novoportal\/wp-content\/uploads\/2019\/02\/sec-macarani.jpg\"><img loading=\"lazy\" decoding=\"async\" aria-describedby=\"caption-attachment-78200\" class=\"size-full wp-image-78200\" src=\"http:\/\/www.sudoestehoje.com.br\/novoportal\/wp-content\/uploads\/2019\/02\/sec-macarani.jpg\" alt=\"\" width=\"400\" height=\"235\" \/><\/a><p id=\"caption-attachment-78200\" class=\"wp-caption-text\"><strong>NOTA DE ESCLARECIMENTO<\/strong><\/p><\/div>\n<\/div>\n<div><\/div>\n<div><em>A Secretaria Municipal de Educa\u00e7\u00e3o e Cultura comunica a toda a popula\u00e7\u00e3o de Macarani e em especial, aos alunos e pais de alunos das nossas escolas municipais que a paralisa\u00e7\u00e3o iniciada nesta segunda-feira por um grupo de professores municipais, visando pressionar a Administra\u00e7\u00e3o para a concess\u00e3o de reajuste salarial, mesmo ciente de que a gest\u00e3o atual, todos os esfor\u00e7os vem fazendo para valorizar a classe dos professores, e que desde janeiro est\u00e1 se estudando a melhor forma de conceder-se os reajustes, conforme entendimentos que vinham sendo mantidos com a classe, onde ficou estabelecido que o reajuste seria concedido a partir deste m\u00eas de fevereiro, de acordo o reajuste do FUNDEB, mesmo diante das graves dificuldades pelas quais todos os munic\u00edpios est\u00e3o passando, raz\u00e3o pela qual a Administra\u00e7\u00e3o n\u00e3o pode aceitar que por interesses particulares, quem tem a obriga\u00e7\u00e3o de estar cumprindo a sua fun\u00e7\u00e3o de professor, prejudique os alunos. Enquanto a maioria dos munic\u00edpios brasileiros e diversos estados da federa\u00e7\u00e3o sequer conseguem pagar os sal\u00e1rios em dia, e muitos ainda est\u00e3o atrasados com o sal\u00e1rio de dezembro e o 13\u00ba, n\u00f3s, em Macarani, estamos honrando, rigorosamente em dia, com esses pagamentos, inclusive com os ter\u00e7os de f\u00e9rias dos professores, pagos no m\u00eas de janeiro. Nenhum professor da nossa rede est\u00e1 passando dificuldades financeiras, em virtude de atrasos nos pagamentos de seus sal\u00e1rios, e esteja a comunidade certa que a Administra\u00e7\u00e3o saber\u00e1 honrar tanto quando poss\u00edvel com o cumprimento dos direitos dos professores, assim como de todos os servidores, mas acima de tudo est\u00e1 o direito dos nossos alunos terem esses professores dentro das sala de aula, cumprindo suas obriga\u00e7\u00f5es.\u00a0<\/em><strong><em>Secretaria Municipal de Educa\u00e7\u00e3o,\u00a0<\/em><\/strong><strong><em>11 de fevereiro de 2019.<\/em><\/strong><\/div>\n","protected":false},"excerpt":{"rendered":"<p>Apesar do prefeito Miller Ferraz ter garantido a corre\u00e7\u00e3o salarial aos professores da rede municipal, ainda neste m\u00eas de fevereiro, um grupo de docentes decidiu paralisar as suas atividades, n\u00e3o retornando \u00e0s aulas nesta segunda-feira (11), data de in\u00edcio do ano letivo de 2019. Em nota, a Secretaria de Educa\u00e7\u00e3o do Munic\u00edpio se posicionou sobre [&hellip;]<\/p>\n","protected":false},"author":2,"featured_media":78200,"comment_status":"open","ping_status":"open","sticky":false,"template":"","format":"standard","meta":{"footnotes":"","_links_to":"","_links_to_target":""},"categories":[1],"tags":[],"class_list":["post-78199","post","type-post","status-publish","format-standard","has-post-thumbnail","hentry","category-geral"],"views":1048,"_links":{"self":[{"href":"https:\/\/www.sudoestehoje.com.br\/novoportal\/wp-json\/wp\/v2\/posts\/78199","targetHints":{"allow":["GET"]}}],"collection":[{"href":"https:\/\/www.sudoestehoje.com.br\/novoportal\/wp-json\/wp\/v2\/posts"}],"about":[{"href":"https:\/\/www.sudoestehoje.com.br\/novoportal\/wp-json\/wp\/v2\/types\/post"}],"author":[{"embeddable":true,"href":"https:\/\/www.sudoestehoje.com.br\/novoportal\/wp-json\/wp\/v2\/users\/2"}],"replies":[{"embeddable":true,"href":"https:\/\/www.sudoestehoje.com.br\/novoportal\/wp-json\/wp\/v2\/comments?post=78199"}],"version-history":[{"count":3,"href":"https:\/\/www.sudoestehoje.com.br\/novoportal\/wp-json\/wp\/v2\/posts\/78199\/revisions"}],"predecessor-version":[{"id":78203,"href":"https:\/\/www.sudoestehoje.com.br\/novoportal\/wp-json\/wp\/v2\/posts\/78199\/revisions\/78203"}],"wp:featuredmedia":[{"embeddable":true,"href":"https:\/\/www.sudoestehoje.com.br\/novoportal\/wp-json\/wp\/v2\/media\/78200"}],"wp:attachment":[{"href":"https:\/\/www.sudoestehoje.com.br\/novoportal\/wp-json\/wp\/v2\/media?parent=78199"}],"wp:term":[{"taxonomy":"category","embeddable":true,"href":"https:\/\/www.sudoestehoje.com.br\/novoportal\/wp-json\/wp\/v2\/categories?post=78199"},{"taxonomy":"post_tag","embeddable":true,"href":"https:\/\/www.sudoestehoje.com.br\/novoportal\/wp-json\/wp\/v2\/tags?post=78199"}],"curies":[{"name":"wp","href":"https:\/\/api.w.org\/{rel}","templated":true}]}}