
{"id":78194,"date":"2019-02-11T09:08:42","date_gmt":"2019-02-11T12:08:42","guid":{"rendered":"http:\/\/www.sudoestehoje.com.br\/novoportal\/?p=78194"},"modified":"2019-02-11T11:13:58","modified_gmt":"2019-02-11T14:13:58","slug":"em-encontro-antonio-brito-e-presidente-de-portugal-dialogam-sobre-santas-casas","status":"publish","type":"post","link":"https:\/\/www.sudoestehoje.com.br\/novoportal\/2019\/02\/11\/em-encontro-antonio-brito-e-presidente-de-portugal-dialogam-sobre-santas-casas\/","title":{"rendered":"EM ENCONTRO, ANT\u00d4NIO BRITO E PRESIDENTE DE PORTUGAL DIALOGAM SOBRE SANTAS CASAS"},"content":{"rendered":"<p><a href=\"http:\/\/www.sudoestehoje.com.br\/novoportal\/wp-content\/uploads\/2019\/02\/BRITO-E-PRES-PORTUGAL.jpg\"><img loading=\"lazy\" decoding=\"async\" class=\"aligncenter size-medium wp-image-78195\" src=\"http:\/\/www.sudoestehoje.com.br\/novoportal\/wp-content\/uploads\/2019\/02\/BRITO-E-PRES-PORTUGAL-500x281.jpg\" alt=\"\" width=\"500\" height=\"281\" srcset=\"https:\/\/www.sudoestehoje.com.br\/novoportal\/wp-content\/uploads\/2019\/02\/BRITO-E-PRES-PORTUGAL-500x281.jpg 500w, https:\/\/www.sudoestehoje.com.br\/novoportal\/wp-content\/uploads\/2019\/02\/BRITO-E-PRES-PORTUGAL-768x431.jpg 768w, https:\/\/www.sudoestehoje.com.br\/novoportal\/wp-content\/uploads\/2019\/02\/BRITO-E-PRES-PORTUGAL-700x393.jpg 700w, https:\/\/www.sudoestehoje.com.br\/novoportal\/wp-content\/uploads\/2019\/02\/BRITO-E-PRES-PORTUGAL.jpg 890w\" sizes=\"auto, (max-width: 500px) 100vw, 500px\" \/><\/a>Durante o encerramento do XIII Congresso das Santas Casas Portuguesas, realizado em Albufeira, na regi\u00e3o do Algarve, em Portugal, o deputado federal Antonio Brito (PSD\/BA), presidente do Grupo Parlamentar Brasil-Portugal, esteve com o presidente da Rep\u00fablica, Marcelo Rebelo de Sousa, quando defendeu o fortalecimento da rela\u00e7\u00e3o entre as duas na\u00e7\u00f5es.<\/p>\n<p>Brito, em seu pronunciamento, exp\u00f4s diversos temas, a exemplo do envelhecimento da popula\u00e7\u00e3o, o reconhecido trabalho de Portugal com os cuidados continuados, a miss\u00e3o das santas casas e a coopera\u00e7\u00e3o bilateral em outras \u00e1reas, como a educa\u00e7\u00e3o, o turismo e as tecnologias. Antonio Brito seguir\u00e1 em agendas com embaixador e deputados federais portugueses.<\/p>\n","protected":false},"excerpt":{"rendered":"<p>Durante o encerramento do XIII Congresso das Santas Casas Portuguesas, realizado em Albufeira, na regi\u00e3o do Algarve, em Portugal, o deputado federal Antonio Brito (PSD\/BA), presidente do Grupo Parlamentar Brasil-Portugal, esteve com o presidente da Rep\u00fablica, Marcelo Rebelo de Sousa, quando defendeu o fortalecimento da rela\u00e7\u00e3o entre as duas na\u00e7\u00f5es. Brito, em seu pronunciamento, exp\u00f4s [&hellip;]<\/p>\n","protected":false},"author":2,"featured_media":78195,"comment_status":"open","ping_status":"open","sticky":false,"template":"","format":"standard","meta":{"footnotes":"","_links_to":"","_links_to_target":""},"categories":[1],"tags":[],"class_list":["post-78194","post","type-post","status-publish","format-standard","has-post-thumbnail","hentry","category-geral"],"views":892,"_links":{"self":[{"href":"https:\/\/www.sudoestehoje.com.br\/novoportal\/wp-json\/wp\/v2\/posts\/78194","targetHints":{"allow":["GET"]}}],"collection":[{"href":"https:\/\/www.sudoestehoje.com.br\/novoportal\/wp-json\/wp\/v2\/posts"}],"about":[{"href":"https:\/\/www.sudoestehoje.com.br\/novoportal\/wp-json\/wp\/v2\/types\/post"}],"author":[{"embeddable":true,"href":"https:\/\/www.sudoestehoje.com.br\/novoportal\/wp-json\/wp\/v2\/users\/2"}],"replies":[{"embeddable":true,"href":"https:\/\/www.sudoestehoje.com.br\/novoportal\/wp-json\/wp\/v2\/comments?post=78194"}],"version-history":[{"count":2,"href":"https:\/\/www.sudoestehoje.com.br\/novoportal\/wp-json\/wp\/v2\/posts\/78194\/revisions"}],"predecessor-version":[{"id":78197,"href":"https:\/\/www.sudoestehoje.com.br\/novoportal\/wp-json\/wp\/v2\/posts\/78194\/revisions\/78197"}],"wp:featuredmedia":[{"embeddable":true,"href":"https:\/\/www.sudoestehoje.com.br\/novoportal\/wp-json\/wp\/v2\/media\/78195"}],"wp:attachment":[{"href":"https:\/\/www.sudoestehoje.com.br\/novoportal\/wp-json\/wp\/v2\/media?parent=78194"}],"wp:term":[{"taxonomy":"category","embeddable":true,"href":"https:\/\/www.sudoestehoje.com.br\/novoportal\/wp-json\/wp\/v2\/categories?post=78194"},{"taxonomy":"post_tag","embeddable":true,"href":"https:\/\/www.sudoestehoje.com.br\/novoportal\/wp-json\/wp\/v2\/tags?post=78194"}],"curies":[{"name":"wp","href":"https:\/\/api.w.org\/{rel}","templated":true}]}}