
{"id":78183,"date":"2019-02-10T22:04:04","date_gmt":"2019-02-11T01:04:04","guid":{"rendered":"http:\/\/www.sudoestehoje.com.br\/novoportal\/?p=78183"},"modified":"2019-02-10T22:04:04","modified_gmt":"2019-02-11T01:04:04","slug":"regiao-comerciante-de-itarantim-morre-apos-capotar-caminhonete-na-ba-270","status":"publish","type":"post","link":"https:\/\/www.sudoestehoje.com.br\/novoportal\/2019\/02\/10\/regiao-comerciante-de-itarantim-morre-apos-capotar-caminhonete-na-ba-270\/","title":{"rendered":"REGI\u00c3O: COMERCIANTE DE ITARANTIM MORRE AP\u00d3S CAPOTAR CAMINHONETE NA BA-270"},"content":{"rendered":"<p><a href=\"http:\/\/www.sudoestehoje.com.br\/novoportal\/wp-content\/uploads\/2019\/02\/ACIDENTE-COM-SR-EXPEDITO-2.jpg\"><img loading=\"lazy\" decoding=\"async\" class=\"aligncenter size-medium wp-image-78184\" src=\"http:\/\/www.sudoestehoje.com.br\/novoportal\/wp-content\/uploads\/2019\/02\/ACIDENTE-COM-SR-EXPEDITO-2-500x375.jpg\" alt=\"\" width=\"500\" height=\"375\" srcset=\"https:\/\/www.sudoestehoje.com.br\/novoportal\/wp-content\/uploads\/2019\/02\/ACIDENTE-COM-SR-EXPEDITO-2-500x375.jpg 500w, https:\/\/www.sudoestehoje.com.br\/novoportal\/wp-content\/uploads\/2019\/02\/ACIDENTE-COM-SR-EXPEDITO-2.jpg 640w\" sizes=\"auto, (max-width: 500px) 100vw, 500px\" \/><\/a><\/p>\n<p>Um conhecido comerciante da cidade de Itarantim, no M\u00e9dio Sudoeste da Bahia, morreu ap\u00f3s capotar a sua caminhonete L-200 na rodovia BA-270, que liga as cidades de Potiragu\u00e1 e Itapetinga.<\/p>\n<p>Segundo informa\u00e7\u00f5es da Pol\u00edcia Rodovi\u00e1ria Estadual-PRE, o comerciante de nome Expedito viajava sozinho e perdeu o controle da dire\u00e7\u00e3o, capotando o ve\u00edculo. Sem cinto de seguran\u00e7a, o corpo de Expedito foi arremessado pra fora do ve\u00edculo, causando morte instant\u00e2nea.<\/p>\n<p><a href=\"http:\/\/www.sudoestehoje.com.br\/novoportal\/wp-content\/uploads\/2019\/02\/ACIDENTE-COM-SR-EXPEDITO-4.jpg\"><img loading=\"lazy\" decoding=\"async\" class=\"aligncenter size-medium wp-image-78185\" src=\"http:\/\/www.sudoestehoje.com.br\/novoportal\/wp-content\/uploads\/2019\/02\/ACIDENTE-COM-SR-EXPEDITO-4-500x375.jpg\" alt=\"\" width=\"500\" height=\"375\" srcset=\"https:\/\/www.sudoestehoje.com.br\/novoportal\/wp-content\/uploads\/2019\/02\/ACIDENTE-COM-SR-EXPEDITO-4-500x375.jpg 500w, https:\/\/www.sudoestehoje.com.br\/novoportal\/wp-content\/uploads\/2019\/02\/ACIDENTE-COM-SR-EXPEDITO-4.jpg 640w\" sizes=\"auto, (max-width: 500px) 100vw, 500px\" \/><\/a><\/p>\n<p>O corpo foi resgatado e levado para aut\u00f3psia no IML de Itapetinga.<\/p>\n<p><strong><em>Por Davi Ferraz<\/em><\/strong><\/p>\n","protected":false},"excerpt":{"rendered":"<p>Um conhecido comerciante da cidade de Itarantim, no M\u00e9dio Sudoeste da Bahia, morreu ap\u00f3s capotar a sua caminhonete L-200 na rodovia BA-270, que liga as cidades de Potiragu\u00e1 e Itapetinga. Segundo informa\u00e7\u00f5es da Pol\u00edcia Rodovi\u00e1ria Estadual-PRE, o comerciante de nome Expedito viajava sozinho e perdeu o controle da dire\u00e7\u00e3o, capotando o ve\u00edculo. Sem cinto de [&hellip;]<\/p>\n","protected":false},"author":2,"featured_media":78184,"comment_status":"open","ping_status":"open","sticky":false,"template":"","format":"standard","meta":{"footnotes":"","_links_to":"","_links_to_target":""},"categories":[1],"tags":[],"class_list":["post-78183","post","type-post","status-publish","format-standard","has-post-thumbnail","hentry","category-geral"],"views":2106,"_links":{"self":[{"href":"https:\/\/www.sudoestehoje.com.br\/novoportal\/wp-json\/wp\/v2\/posts\/78183","targetHints":{"allow":["GET"]}}],"collection":[{"href":"https:\/\/www.sudoestehoje.com.br\/novoportal\/wp-json\/wp\/v2\/posts"}],"about":[{"href":"https:\/\/www.sudoestehoje.com.br\/novoportal\/wp-json\/wp\/v2\/types\/post"}],"author":[{"embeddable":true,"href":"https:\/\/www.sudoestehoje.com.br\/novoportal\/wp-json\/wp\/v2\/users\/2"}],"replies":[{"embeddable":true,"href":"https:\/\/www.sudoestehoje.com.br\/novoportal\/wp-json\/wp\/v2\/comments?post=78183"}],"version-history":[{"count":1,"href":"https:\/\/www.sudoestehoje.com.br\/novoportal\/wp-json\/wp\/v2\/posts\/78183\/revisions"}],"predecessor-version":[{"id":78186,"href":"https:\/\/www.sudoestehoje.com.br\/novoportal\/wp-json\/wp\/v2\/posts\/78183\/revisions\/78186"}],"wp:featuredmedia":[{"embeddable":true,"href":"https:\/\/www.sudoestehoje.com.br\/novoportal\/wp-json\/wp\/v2\/media\/78184"}],"wp:attachment":[{"href":"https:\/\/www.sudoestehoje.com.br\/novoportal\/wp-json\/wp\/v2\/media?parent=78183"}],"wp:term":[{"taxonomy":"category","embeddable":true,"href":"https:\/\/www.sudoestehoje.com.br\/novoportal\/wp-json\/wp\/v2\/categories?post=78183"},{"taxonomy":"post_tag","embeddable":true,"href":"https:\/\/www.sudoestehoje.com.br\/novoportal\/wp-json\/wp\/v2\/tags?post=78183"}],"curies":[{"name":"wp","href":"https:\/\/api.w.org\/{rel}","templated":true}]}}