
{"id":78178,"date":"2019-02-10T12:43:23","date_gmt":"2019-02-10T15:43:23","guid":{"rendered":"http:\/\/www.sudoestehoje.com.br\/novoportal\/?p=78178"},"modified":"2019-02-10T12:43:23","modified_gmt":"2019-02-10T15:43:23","slug":"pensao-para-ex-governadores-da-bahia-e-considerada-inconstitucional-pelo-stf","status":"publish","type":"post","link":"https:\/\/www.sudoestehoje.com.br\/novoportal\/2019\/02\/10\/pensao-para-ex-governadores-da-bahia-e-considerada-inconstitucional-pelo-stf\/","title":{"rendered":"PENS\u00c3O PARA EX-GOVERNADORES DA BAHIA \u00c9 CONSIDERADA INCONSTITUCIONAL PELO STF"},"content":{"rendered":"<p><a href=\"http:\/\/www.sudoestehoje.com.br\/novoportal\/wp-content\/uploads\/2019\/02\/EX-GOVERNADORES.jpg\"><img loading=\"lazy\" decoding=\"async\" class=\"aligncenter size-medium wp-image-78181\" src=\"http:\/\/www.sudoestehoje.com.br\/novoportal\/wp-content\/uploads\/2019\/02\/EX-GOVERNADORES-500x375.jpg\" alt=\"\" width=\"500\" height=\"375\" \/><\/a><\/p>\n<p>A lei que institui pens\u00e3o vital\u00edcia para os ex-governadores da Bahia foi considerada inconstitucional pelo Supremo Tribunal Federal (STF), de acordo com a coluna Sat\u00e9lite, do jornal Correio. A emenda constitucional que criou o benef\u00edcio foi aprovada pela Assembleia Legislativa da Bahia, em 2014.<\/p>\n<p>Ainda segundo a publica\u00e7\u00e3o, o Conselho Federal da Ordem dos Advogados do Brasil (OAB), que moveu a a\u00e7\u00e3o, argumentou que a Constitui\u00e7\u00e3o \u201cn\u00e3o prev\u00ea e n\u00e3o autoriza a institui\u00e7\u00e3o de subs\u00eddios para quem n\u00e3o \u00e9 ocupante de qualquer cargo p\u00fablico\u201d.<\/p>\n<p>No ano passado, a Suprema Corte j\u00e1 havia decidido pela \u00a0inconstitucionalidade de casos parecidos em Para\u00edba, Mato Grosso e Sergipe.\u00a0O STF entende que pens\u00f5es para ex-governadores violam os princ\u00edpios republicanos, democr\u00e1ticos e de igualdade.<\/p>\n","protected":false},"excerpt":{"rendered":"<p>A lei que institui pens\u00e3o vital\u00edcia para os ex-governadores da Bahia foi considerada inconstitucional pelo Supremo Tribunal Federal (STF), de acordo com a coluna Sat\u00e9lite, do jornal Correio. A emenda constitucional que criou o benef\u00edcio foi aprovada pela Assembleia Legislativa da Bahia, em 2014. Ainda segundo a publica\u00e7\u00e3o, o Conselho Federal da Ordem dos Advogados [&hellip;]<\/p>\n","protected":false},"author":2,"featured_media":78181,"comment_status":"open","ping_status":"open","sticky":false,"template":"","format":"standard","meta":{"footnotes":"","_links_to":"","_links_to_target":""},"categories":[1],"tags":[],"class_list":["post-78178","post","type-post","status-publish","format-standard","has-post-thumbnail","hentry","category-geral"],"views":1435,"_links":{"self":[{"href":"https:\/\/www.sudoestehoje.com.br\/novoportal\/wp-json\/wp\/v2\/posts\/78178","targetHints":{"allow":["GET"]}}],"collection":[{"href":"https:\/\/www.sudoestehoje.com.br\/novoportal\/wp-json\/wp\/v2\/posts"}],"about":[{"href":"https:\/\/www.sudoestehoje.com.br\/novoportal\/wp-json\/wp\/v2\/types\/post"}],"author":[{"embeddable":true,"href":"https:\/\/www.sudoestehoje.com.br\/novoportal\/wp-json\/wp\/v2\/users\/2"}],"replies":[{"embeddable":true,"href":"https:\/\/www.sudoestehoje.com.br\/novoportal\/wp-json\/wp\/v2\/comments?post=78178"}],"version-history":[{"count":3,"href":"https:\/\/www.sudoestehoje.com.br\/novoportal\/wp-json\/wp\/v2\/posts\/78178\/revisions"}],"predecessor-version":[{"id":78182,"href":"https:\/\/www.sudoestehoje.com.br\/novoportal\/wp-json\/wp\/v2\/posts\/78178\/revisions\/78182"}],"wp:featuredmedia":[{"embeddable":true,"href":"https:\/\/www.sudoestehoje.com.br\/novoportal\/wp-json\/wp\/v2\/media\/78181"}],"wp:attachment":[{"href":"https:\/\/www.sudoestehoje.com.br\/novoportal\/wp-json\/wp\/v2\/media?parent=78178"}],"wp:term":[{"taxonomy":"category","embeddable":true,"href":"https:\/\/www.sudoestehoje.com.br\/novoportal\/wp-json\/wp\/v2\/categories?post=78178"},{"taxonomy":"post_tag","embeddable":true,"href":"https:\/\/www.sudoestehoje.com.br\/novoportal\/wp-json\/wp\/v2\/tags?post=78178"}],"curies":[{"name":"wp","href":"https:\/\/api.w.org\/{rel}","templated":true}]}}