
{"id":78175,"date":"2019-02-10T10:30:34","date_gmt":"2019-02-10T13:30:34","guid":{"rendered":"http:\/\/www.sudoestehoje.com.br\/novoportal\/?p=78175"},"modified":"2019-02-10T10:30:34","modified_gmt":"2019-02-10T13:30:34","slug":"fogo-colocado-em-lixo-se-alastra-e-atinge-hotel-de-luxo-em-porto-seguro","status":"publish","type":"post","link":"https:\/\/www.sudoestehoje.com.br\/novoportal\/2019\/02\/10\/fogo-colocado-em-lixo-se-alastra-e-atinge-hotel-de-luxo-em-porto-seguro\/","title":{"rendered":"FOGO COLOCADO EM LIXO SE ALASTRA E ATINGE HOTEL DE LUXO EM PORTO SEGURO"},"content":{"rendered":"<div class=\"mc-column content-text active-extra-styles active-capital-letter\" data-block-type=\"unstyled\" data-block-weight=\"45\" data-block-id=\"2\">\n<p class=\"content-text__container theme-color-primary-first-letter\" data-track-category=\"Link no Texto\" data-track-links=\"\"><a href=\"http:\/\/www.sudoestehoje.com.br\/novoportal\/wp-content\/uploads\/2019\/02\/incendio-hotel-porto-seguro_214c254009.jpg\"><img loading=\"lazy\" decoding=\"async\" class=\"aligncenter size-medium wp-image-78176\" src=\"http:\/\/www.sudoestehoje.com.br\/novoportal\/wp-content\/uploads\/2019\/02\/incendio-hotel-porto-seguro_214c254009-500x261.jpg\" alt=\"\" width=\"500\" height=\"261\" srcset=\"https:\/\/www.sudoestehoje.com.br\/novoportal\/wp-content\/uploads\/2019\/02\/incendio-hotel-porto-seguro_214c254009-500x261.jpg 500w, https:\/\/www.sudoestehoje.com.br\/novoportal\/wp-content\/uploads\/2019\/02\/incendio-hotel-porto-seguro_214c254009-700x365.jpg 700w, https:\/\/www.sudoestehoje.com.br\/novoportal\/wp-content\/uploads\/2019\/02\/incendio-hotel-porto-seguro_214c254009.jpg 730w\" sizes=\"auto, (max-width: 500px) 100vw, 500px\" \/><\/a><\/p>\n<p class=\"content-text__container theme-color-primary-first-letter\" data-track-category=\"Link no Texto\" data-track-links=\"\">Um inc\u00eandio atingiu um hotel de luxo que fica no munic\u00edpio de Porto Seguro, na regi\u00e3o sul da Bahia, neste s\u00e1bado (9). Segundo informa\u00e7\u00f5es de testemunhas, uma pessoa teria colocado fogo em lixo num terreno ao lado do estabelecimento e as chamas se alastraram rapidamente.<\/p>\n<\/div>\n<div class=\"wall protected-content\">\n<div class=\"mc-column content-text active-extra-styles \" data-block-type=\"unstyled\" data-block-weight=\"34\" data-block-id=\"3\">\n<p class=\"content-text__container \" data-track-category=\"Link no Texto\" data-track-links=\"\">Um v\u00eddeo gravado por uma testemunha, e divulgado em redes sociais, mostra o momento em que o fogo atingiu o hotel. O estabelecimento tinha quiosques de palha, que ficaram destru\u00eddos em quest\u00e3o de minutos.<\/p>\n<\/div>\n<div class=\"mc-column content-text active-extra-styles \" data-block-type=\"unstyled\" data-block-weight=\"13\" data-block-id=\"4\">\n<p class=\"content-text__container \" data-track-category=\"Link no Texto\" data-track-links=\"\">H\u00f3spedes e funcion\u00e1rios tiveram que sair correndo para n\u00e3o serem atingidos pelo fogo.<\/p>\n<\/div>\n<div class=\"mc-column content-text active-extra-styles \" data-block-type=\"unstyled\" data-block-weight=\"19\" data-block-id=\"5\">\n<p class=\"content-text__container \" data-track-category=\"Link no Texto\" data-track-links=\"\">Equipes do Corpo de Bombeiros foram acionadas e conseguiram controlar as chamas por volta das 15h. N\u00e3o houve feridos.<\/p>\n<\/div>\n<\/div>\n","protected":false},"excerpt":{"rendered":"<p>Um inc\u00eandio atingiu um hotel de luxo que fica no munic\u00edpio de Porto Seguro, na regi\u00e3o sul da Bahia, neste s\u00e1bado (9). Segundo informa\u00e7\u00f5es de testemunhas, uma pessoa teria colocado fogo em lixo num terreno ao lado do estabelecimento e as chamas se alastraram rapidamente. Um v\u00eddeo gravado por uma testemunha, e divulgado em redes [&hellip;]<\/p>\n","protected":false},"author":2,"featured_media":78176,"comment_status":"open","ping_status":"open","sticky":false,"template":"","format":"standard","meta":{"footnotes":"","_links_to":"","_links_to_target":""},"categories":[1],"tags":[],"class_list":["post-78175","post","type-post","status-publish","format-standard","has-post-thumbnail","hentry","category-geral"],"views":1647,"_links":{"self":[{"href":"https:\/\/www.sudoestehoje.com.br\/novoportal\/wp-json\/wp\/v2\/posts\/78175","targetHints":{"allow":["GET"]}}],"collection":[{"href":"https:\/\/www.sudoestehoje.com.br\/novoportal\/wp-json\/wp\/v2\/posts"}],"about":[{"href":"https:\/\/www.sudoestehoje.com.br\/novoportal\/wp-json\/wp\/v2\/types\/post"}],"author":[{"embeddable":true,"href":"https:\/\/www.sudoestehoje.com.br\/novoportal\/wp-json\/wp\/v2\/users\/2"}],"replies":[{"embeddable":true,"href":"https:\/\/www.sudoestehoje.com.br\/novoportal\/wp-json\/wp\/v2\/comments?post=78175"}],"version-history":[{"count":1,"href":"https:\/\/www.sudoestehoje.com.br\/novoportal\/wp-json\/wp\/v2\/posts\/78175\/revisions"}],"predecessor-version":[{"id":78177,"href":"https:\/\/www.sudoestehoje.com.br\/novoportal\/wp-json\/wp\/v2\/posts\/78175\/revisions\/78177"}],"wp:featuredmedia":[{"embeddable":true,"href":"https:\/\/www.sudoestehoje.com.br\/novoportal\/wp-json\/wp\/v2\/media\/78176"}],"wp:attachment":[{"href":"https:\/\/www.sudoestehoje.com.br\/novoportal\/wp-json\/wp\/v2\/media?parent=78175"}],"wp:term":[{"taxonomy":"category","embeddable":true,"href":"https:\/\/www.sudoestehoje.com.br\/novoportal\/wp-json\/wp\/v2\/categories?post=78175"},{"taxonomy":"post_tag","embeddable":true,"href":"https:\/\/www.sudoestehoje.com.br\/novoportal\/wp-json\/wp\/v2\/tags?post=78175"}],"curies":[{"name":"wp","href":"https:\/\/api.w.org\/{rel}","templated":true}]}}