
{"id":78169,"date":"2019-02-08T22:34:55","date_gmt":"2019-02-09T01:34:55","guid":{"rendered":"http:\/\/www.sudoestehoje.com.br\/novoportal\/?p=78169"},"modified":"2019-02-08T22:34:55","modified_gmt":"2019-02-09T01:34:55","slug":"camara-de-vereadores-declara-luto-oficial-pelo-falecimento-de-evandro-andrade","status":"publish","type":"post","link":"https:\/\/www.sudoestehoje.com.br\/novoportal\/2019\/02\/08\/camara-de-vereadores-declara-luto-oficial-pelo-falecimento-de-evandro-andrade\/","title":{"rendered":"C\u00c2MARA DE VEREADORES DECLARA LUTO OFICIAL PELO FALECIMENTO DE EVANDRO ANDRADE"},"content":{"rendered":"<p><a href=\"http:\/\/www.sudoestehoje.com.br\/novoportal\/wp-content\/uploads\/2019\/02\/evandro-prefeito.jpg\"><img loading=\"lazy\" decoding=\"async\" class=\"aligncenter size-medium wp-image-78171\" src=\"http:\/\/www.sudoestehoje.com.br\/novoportal\/wp-content\/uploads\/2019\/02\/evandro-prefeito-500x415.jpg\" alt=\"\" width=\"500\" height=\"415\" srcset=\"https:\/\/www.sudoestehoje.com.br\/novoportal\/wp-content\/uploads\/2019\/02\/evandro-prefeito-500x415.jpg 500w, https:\/\/www.sudoestehoje.com.br\/novoportal\/wp-content\/uploads\/2019\/02\/evandro-prefeito-768x638.jpg 768w, https:\/\/www.sudoestehoje.com.br\/novoportal\/wp-content\/uploads\/2019\/02\/evandro-prefeito-700x581.jpg 700w, https:\/\/www.sudoestehoje.com.br\/novoportal\/wp-content\/uploads\/2019\/02\/evandro-prefeito.jpg 960w\" sizes=\"auto, (max-width: 500px) 100vw, 500px\" \/><\/a><\/p>\n<p>Na manh\u00e3 desta sexta-feira (8), assim que tomou conhecimento do falecimento do ex-prefeito de Itapetinga, Evandro Andrade, a presidente da C\u00e2mara Municipal, Naara Duarte, mandou baixar portaria declarando Luto Oficial por tr\u00eas dias, em homenagem p\u00f3stuma ao ex-gestor do munic\u00edpio.<\/p>\n<p>Al\u00e9m de prefeito do munic\u00edpio de Itapetinga, entre 1973 e 1877, Evandro Andrade foi tamb\u00e9m vereador do munic\u00edpio, chegando a ocupar a presid\u00eancia da Casa.<\/p>\n<p>Evando faleceu ontem e foi cremado e sepultado em Salvador, no final da tarde de desta sexta. Confira Portaria:<\/p>\n<p><a href=\"http:\/\/www.sudoestehoje.com.br\/novoportal\/wp-content\/uploads\/2019\/02\/luto-oficial.jpg\"><img loading=\"lazy\" decoding=\"async\" class=\"aligncenter size-medium wp-image-78170\" src=\"http:\/\/www.sudoestehoje.com.br\/novoportal\/wp-content\/uploads\/2019\/02\/luto-oficial-500x678.jpg\" alt=\"\" width=\"500\" height=\"678\" srcset=\"https:\/\/www.sudoestehoje.com.br\/novoportal\/wp-content\/uploads\/2019\/02\/luto-oficial-500x678.jpg 500w, https:\/\/www.sudoestehoje.com.br\/novoportal\/wp-content\/uploads\/2019\/02\/luto-oficial-664x900.jpg 664w, https:\/\/www.sudoestehoje.com.br\/novoportal\/wp-content\/uploads\/2019\/02\/luto-oficial.jpg 708w\" sizes=\"auto, (max-width: 500px) 100vw, 500px\" \/><\/a><\/p>\n<p><strong><em>Por Davi Ferraz\u00a0<\/em><\/strong><\/p>\n","protected":false},"excerpt":{"rendered":"<p>Na manh\u00e3 desta sexta-feira (8), assim que tomou conhecimento do falecimento do ex-prefeito de Itapetinga, Evandro Andrade, a presidente da C\u00e2mara Municipal, Naara Duarte, mandou baixar portaria declarando Luto Oficial por tr\u00eas dias, em homenagem p\u00f3stuma ao ex-gestor do munic\u00edpio. Al\u00e9m de prefeito do munic\u00edpio de Itapetinga, entre 1973 e 1877, Evandro Andrade foi tamb\u00e9m [&hellip;]<\/p>\n","protected":false},"author":2,"featured_media":78171,"comment_status":"open","ping_status":"open","sticky":false,"template":"","format":"standard","meta":{"footnotes":"","_links_to":"","_links_to_target":""},"categories":[1],"tags":[],"class_list":["post-78169","post","type-post","status-publish","format-standard","has-post-thumbnail","hentry","category-geral"],"views":1643,"_links":{"self":[{"href":"https:\/\/www.sudoestehoje.com.br\/novoportal\/wp-json\/wp\/v2\/posts\/78169","targetHints":{"allow":["GET"]}}],"collection":[{"href":"https:\/\/www.sudoestehoje.com.br\/novoportal\/wp-json\/wp\/v2\/posts"}],"about":[{"href":"https:\/\/www.sudoestehoje.com.br\/novoportal\/wp-json\/wp\/v2\/types\/post"}],"author":[{"embeddable":true,"href":"https:\/\/www.sudoestehoje.com.br\/novoportal\/wp-json\/wp\/v2\/users\/2"}],"replies":[{"embeddable":true,"href":"https:\/\/www.sudoestehoje.com.br\/novoportal\/wp-json\/wp\/v2\/comments?post=78169"}],"version-history":[{"count":2,"href":"https:\/\/www.sudoestehoje.com.br\/novoportal\/wp-json\/wp\/v2\/posts\/78169\/revisions"}],"predecessor-version":[{"id":78173,"href":"https:\/\/www.sudoestehoje.com.br\/novoportal\/wp-json\/wp\/v2\/posts\/78169\/revisions\/78173"}],"wp:featuredmedia":[{"embeddable":true,"href":"https:\/\/www.sudoestehoje.com.br\/novoportal\/wp-json\/wp\/v2\/media\/78171"}],"wp:attachment":[{"href":"https:\/\/www.sudoestehoje.com.br\/novoportal\/wp-json\/wp\/v2\/media?parent=78169"}],"wp:term":[{"taxonomy":"category","embeddable":true,"href":"https:\/\/www.sudoestehoje.com.br\/novoportal\/wp-json\/wp\/v2\/categories?post=78169"},{"taxonomy":"post_tag","embeddable":true,"href":"https:\/\/www.sudoestehoje.com.br\/novoportal\/wp-json\/wp\/v2\/tags?post=78169"}],"curies":[{"name":"wp","href":"https:\/\/api.w.org\/{rel}","templated":true}]}}