
{"id":78162,"date":"2019-02-08T18:44:07","date_gmt":"2019-02-08T21:44:07","guid":{"rendered":"http:\/\/www.sudoestehoje.com.br\/novoportal\/?p=78162"},"modified":"2019-02-08T18:44:07","modified_gmt":"2019-02-08T21:44:07","slug":"macarani-prefeito-miller-autoriza-aumento-para-professores-a-partir-de-fevereiro","status":"publish","type":"post","link":"https:\/\/www.sudoestehoje.com.br\/novoportal\/2019\/02\/08\/macarani-prefeito-miller-autoriza-aumento-para-professores-a-partir-de-fevereiro\/","title":{"rendered":"MACARANI: PREFEITO MILLER AUTORIZA AUMENTO PARA PROFESSORES A PARTIR DE FEVEREIRO"},"content":{"rendered":"<p><a href=\"http:\/\/www.sudoestehoje.com.br\/novoportal\/wp-content\/uploads\/2019\/02\/miller-1.jpg\"><img loading=\"lazy\" decoding=\"async\" class=\"aligncenter  wp-image-78163\" src=\"http:\/\/www.sudoestehoje.com.br\/novoportal\/wp-content\/uploads\/2019\/02\/miller-1.jpg\" alt=\"\" width=\"500\" height=\"310\" \/><\/a><\/p>\n<p>Diante de not\u00edcias desencontradas dando conta de uma suposta paralisa\u00e7\u00e3o de professores da rede municipal de Macarani, por conta da falta de reajuste salarial, o prefeito Miller Ferraz determinou a concess\u00e3o do reajuste, nesta sexta-feira (8), a vigorar a partir deste m\u00eas de fevereiro.<\/p>\n<p>Por telefone, Miller informou \u00e0 reda\u00e7\u00e3o do Sudoeste Hoje que n\u00e3o foi poss\u00edvel dar o aumento em janeiro, por conta do pagamento das f\u00e9rias aos professores (1\/3), o que sobrecarregou a folha de pagamento.<\/p>\n<p>Em viagem oficial \u00e0 Brasilia, Miller informou que no seu retorno a Macarani divulgar\u00e1 o percentual do aumento, juntamente com sua equipe de governo, mas garantiu que o \u00edndice ser\u00e1 &#8220;favor\u00e1vel&#8221;, devido ao incremento no Fundeb.<\/p>\n<p>O retorno \u00e0s aulas na rede municipal est\u00e1 previsto para a pr\u00f3xima segunda-feira (11), e deve ocorrer normalmente, segundo informa\u00e7\u00f5es colhidas pelo blog.<\/p>\n<p><strong><em>Por Davi Ferraz\u00a0\u00a0<\/em><\/strong><\/p>\n","protected":false},"excerpt":{"rendered":"<p>Diante de not\u00edcias desencontradas dando conta de uma suposta paralisa\u00e7\u00e3o de professores da rede municipal de Macarani, por conta da falta de reajuste salarial, o prefeito Miller Ferraz determinou a concess\u00e3o do reajuste, nesta sexta-feira (8), a vigorar a partir deste m\u00eas de fevereiro. Por telefone, Miller informou \u00e0 reda\u00e7\u00e3o do Sudoeste Hoje que n\u00e3o [&hellip;]<\/p>\n","protected":false},"author":2,"featured_media":78163,"comment_status":"open","ping_status":"open","sticky":false,"template":"","format":"standard","meta":{"footnotes":"","_links_to":"","_links_to_target":""},"categories":[1],"tags":[],"class_list":["post-78162","post","type-post","status-publish","format-standard","has-post-thumbnail","hentry","category-geral"],"views":1321,"_links":{"self":[{"href":"https:\/\/www.sudoestehoje.com.br\/novoportal\/wp-json\/wp\/v2\/posts\/78162","targetHints":{"allow":["GET"]}}],"collection":[{"href":"https:\/\/www.sudoestehoje.com.br\/novoportal\/wp-json\/wp\/v2\/posts"}],"about":[{"href":"https:\/\/www.sudoestehoje.com.br\/novoportal\/wp-json\/wp\/v2\/types\/post"}],"author":[{"embeddable":true,"href":"https:\/\/www.sudoestehoje.com.br\/novoportal\/wp-json\/wp\/v2\/users\/2"}],"replies":[{"embeddable":true,"href":"https:\/\/www.sudoestehoje.com.br\/novoportal\/wp-json\/wp\/v2\/comments?post=78162"}],"version-history":[{"count":4,"href":"https:\/\/www.sudoestehoje.com.br\/novoportal\/wp-json\/wp\/v2\/posts\/78162\/revisions"}],"predecessor-version":[{"id":78167,"href":"https:\/\/www.sudoestehoje.com.br\/novoportal\/wp-json\/wp\/v2\/posts\/78162\/revisions\/78167"}],"wp:featuredmedia":[{"embeddable":true,"href":"https:\/\/www.sudoestehoje.com.br\/novoportal\/wp-json\/wp\/v2\/media\/78163"}],"wp:attachment":[{"href":"https:\/\/www.sudoestehoje.com.br\/novoportal\/wp-json\/wp\/v2\/media?parent=78162"}],"wp:term":[{"taxonomy":"category","embeddable":true,"href":"https:\/\/www.sudoestehoje.com.br\/novoportal\/wp-json\/wp\/v2\/categories?post=78162"},{"taxonomy":"post_tag","embeddable":true,"href":"https:\/\/www.sudoestehoje.com.br\/novoportal\/wp-json\/wp\/v2\/tags?post=78162"}],"curies":[{"name":"wp","href":"https:\/\/api.w.org\/{rel}","templated":true}]}}