
{"id":78139,"date":"2019-02-08T07:40:16","date_gmt":"2019-02-08T10:40:16","guid":{"rendered":"http:\/\/www.sudoestehoje.com.br\/novoportal\/?p=78139"},"modified":"2019-02-08T07:40:16","modified_gmt":"2019-02-08T10:40:16","slug":"incendio-em-ct-do-flamengo-deixa-10-mortos-e-3-feridos-vitimas-eram-jogadores-da-base","status":"publish","type":"post","link":"https:\/\/www.sudoestehoje.com.br\/novoportal\/2019\/02\/08\/incendio-em-ct-do-flamengo-deixa-10-mortos-e-3-feridos-vitimas-eram-jogadores-da-base\/","title":{"rendered":"INC\u00caNDIO EM CT DO FLAMENGO DEIXA 10 MORTOS E 3 FERIDOS; V\u00cdTIMAS ERAM JOGADORES DA BASE"},"content":{"rendered":"<div class=\"mc-column content-text active-extra-styles active-capital-letter\" data-block-type=\"unstyled\" data-block-weight=\"30\" data-block-id=\"3\">\n<p class=\"content-text__container theme-color-primary-first-letter\" data-track-category=\"Link no Texto\" data-track-links=\"\"><a href=\"http:\/\/www.sudoestehoje.com.br\/novoportal\/wp-content\/uploads\/2019\/02\/CT-FLAMENGO.jpg\"><img loading=\"lazy\" decoding=\"async\" class=\"aligncenter size-medium wp-image-78140\" src=\"http:\/\/www.sudoestehoje.com.br\/novoportal\/wp-content\/uploads\/2019\/02\/CT-FLAMENGO-500x281.jpg\" alt=\"\" width=\"500\" height=\"281\" srcset=\"https:\/\/www.sudoestehoje.com.br\/novoportal\/wp-content\/uploads\/2019\/02\/CT-FLAMENGO-500x281.jpg 500w, https:\/\/www.sudoestehoje.com.br\/novoportal\/wp-content\/uploads\/2019\/02\/CT-FLAMENGO.jpg 640w\" sizes=\"auto, (max-width: 500px) 100vw, 500px\" \/><\/a><\/p>\n<p class=\"content-text__container theme-color-primary-first-letter\" data-track-category=\"Link no Texto\" data-track-links=\"\">Dez pessoas morreram em um inc\u00eandio no alojamento da categoria de base do Flamengo no Ninho do Urubu, na Zona Oeste do Rio, no in\u00edcio da manh\u00e3 desta sexta-feira (8).<\/p>\n<\/div>\n<div class=\"wall protected-content\">\n<div class=\"mc-column content-text active-extra-styles \" data-block-type=\"unstyled\" data-block-weight=\"29\" data-block-id=\"4\">\n<p class=\"content-text__container \" data-track-category=\"Link no Texto\" data-track-links=\"\">Tr\u00eas pessoas ficaram feridas, uma delas em estado grave, e foram levadas para o Hospital Municipal Louren\u00e7o Jorge, na Barra. Um deles se chama Cau\u00e3 e tem 14 anos.<\/p>\n<p class=\"content-text__container \" data-track-category=\"Link no Texto\" data-track-links=\"\"><a href=\"http:\/\/www.sudoestehoje.com.br\/novoportal\/wp-content\/uploads\/2019\/02\/1_flamengo-9603261.jpg\"><img loading=\"lazy\" decoding=\"async\" class=\"aligncenter size-medium wp-image-78141\" src=\"http:\/\/www.sudoestehoje.com.br\/novoportal\/wp-content\/uploads\/2019\/02\/1_flamengo-9603261-500x336.jpg\" alt=\"\" width=\"500\" height=\"336\" srcset=\"https:\/\/www.sudoestehoje.com.br\/novoportal\/wp-content\/uploads\/2019\/02\/1_flamengo-9603261-500x336.jpg 500w, https:\/\/www.sudoestehoje.com.br\/novoportal\/wp-content\/uploads\/2019\/02\/1_flamengo-9603261.jpg 700w\" sizes=\"auto, (max-width: 500px) 100vw, 500px\" \/><\/a><\/p>\n<\/div>\n<div class=\"mc-column content-text active-extra-styles \" data-block-type=\"unstyled\" data-block-weight=\"26\" data-block-id=\"5\">\n<p class=\"content-text__container \" data-track-category=\"Link no Texto\" data-track-links=\"\">Nas instala\u00e7\u00f5es devastadas pelo fogo, segundo o tenente-coronel Douglas Henaut, dormiam atletas entre 14 e 17 anos do clube, mas ainda n\u00e3o h\u00e1 identifica\u00e7\u00e3o dos mortos.<\/p>\n<\/div>\n<div class=\"mc-column content-text active-extra-styles \" data-block-type=\"unstyled\" data-block-weight=\"30\" data-block-id=\"6\">\n<p class=\"content-text__container \" data-track-category=\"Link no Texto\" data-track-links=\"\">No Ninho do Urubu, em Vargem Grande, treinam o time profissional do Flamengo e as equipes de jovens. O inc\u00eandio come\u00e7ou por volta das 5h10 e foi debelado \u00e0s 7h30.<a href=\"https:\/\/g1.globo.com\/rj\/rio-de-janeiro\/noticia\/2019\/02\/08\/incendio-deixa-mortos-e-feridos-no-centro-de-treinamento-do-flamengo.ghtml\">\u00a0<span style=\"color: #0000ff;\"><strong>VEJA MAT\u00c9RIA COMPLETA<\/strong><\/span><\/a><\/p>\n<\/div>\n<\/div>\n","protected":false},"excerpt":{"rendered":"<p>Dez pessoas morreram em um inc\u00eandio no alojamento da categoria de base do Flamengo no Ninho do Urubu, na Zona Oeste do Rio, no in\u00edcio da manh\u00e3 desta sexta-feira (8). Tr\u00eas pessoas ficaram feridas, uma delas em estado grave, e foram levadas para o Hospital Municipal Louren\u00e7o Jorge, na Barra. Um deles se chama Cau\u00e3 [&hellip;]<\/p>\n","protected":false},"author":2,"featured_media":78140,"comment_status":"open","ping_status":"open","sticky":false,"template":"","format":"standard","meta":{"footnotes":"","_links_to":"","_links_to_target":""},"categories":[1],"tags":[],"class_list":["post-78139","post","type-post","status-publish","format-standard","has-post-thumbnail","hentry","category-geral"],"views":1168,"_links":{"self":[{"href":"https:\/\/www.sudoestehoje.com.br\/novoportal\/wp-json\/wp\/v2\/posts\/78139","targetHints":{"allow":["GET"]}}],"collection":[{"href":"https:\/\/www.sudoestehoje.com.br\/novoportal\/wp-json\/wp\/v2\/posts"}],"about":[{"href":"https:\/\/www.sudoestehoje.com.br\/novoportal\/wp-json\/wp\/v2\/types\/post"}],"author":[{"embeddable":true,"href":"https:\/\/www.sudoestehoje.com.br\/novoportal\/wp-json\/wp\/v2\/users\/2"}],"replies":[{"embeddable":true,"href":"https:\/\/www.sudoestehoje.com.br\/novoportal\/wp-json\/wp\/v2\/comments?post=78139"}],"version-history":[{"count":1,"href":"https:\/\/www.sudoestehoje.com.br\/novoportal\/wp-json\/wp\/v2\/posts\/78139\/revisions"}],"predecessor-version":[{"id":78142,"href":"https:\/\/www.sudoestehoje.com.br\/novoportal\/wp-json\/wp\/v2\/posts\/78139\/revisions\/78142"}],"wp:featuredmedia":[{"embeddable":true,"href":"https:\/\/www.sudoestehoje.com.br\/novoportal\/wp-json\/wp\/v2\/media\/78140"}],"wp:attachment":[{"href":"https:\/\/www.sudoestehoje.com.br\/novoportal\/wp-json\/wp\/v2\/media?parent=78139"}],"wp:term":[{"taxonomy":"category","embeddable":true,"href":"https:\/\/www.sudoestehoje.com.br\/novoportal\/wp-json\/wp\/v2\/categories?post=78139"},{"taxonomy":"post_tag","embeddable":true,"href":"https:\/\/www.sudoestehoje.com.br\/novoportal\/wp-json\/wp\/v2\/tags?post=78139"}],"curies":[{"name":"wp","href":"https:\/\/api.w.org\/{rel}","templated":true}]}}