
{"id":78129,"date":"2019-02-07T23:12:46","date_gmt":"2019-02-08T02:12:46","guid":{"rendered":"http:\/\/www.sudoestehoje.com.br\/novoportal\/?p=78129"},"modified":"2019-02-08T10:19:25","modified_gmt":"2019-02-08T13:19:25","slug":"morre-em-salvador-o-ex-prefeito-de-itapetinga-evandro-andrade","status":"publish","type":"post","link":"https:\/\/www.sudoestehoje.com.br\/novoportal\/2019\/02\/07\/morre-em-salvador-o-ex-prefeito-de-itapetinga-evandro-andrade\/","title":{"rendered":"MORRE EM SALVADOR O EX-PREFEITO DE ITAPETINGA EVANDRO ANDRADE"},"content":{"rendered":"<p><a href=\"http:\/\/www.sudoestehoje.com.br\/novoportal\/wp-content\/uploads\/2019\/02\/evandro-andrade-1-500x518.jpg\"><img loading=\"lazy\" decoding=\"async\" class=\"aligncenter size-medium wp-image-78130\" src=\"http:\/\/www.sudoestehoje.com.br\/novoportal\/wp-content\/uploads\/2019\/02\/evandro-andrade-1-500x518-500x518.jpg\" alt=\"\" width=\"500\" height=\"518\" \/><\/a><\/p>\n<p>\u00c9 com muito pesar que registramos o falecimento do ex-prefeito de Itapetinga, Evandro Andrade, ocorrido nesta quinta-feira (7), em Salvador, onde residia com um de seus filhos.<\/p>\n<p>Segundo o filho Marcelo, ele estava sendo tratado e precisou fazer uma cirurgia. A cirurgia foi bem, entretanto, apresentou ontem um quadro de infec\u00e7\u00e3o respirat\u00f3ria. Foram tomadas as provid\u00eancias pelos m\u00e9dicos, mas, infelizmente, n\u00e3o resistiu.<\/p>\n<p>O corpo ser\u00e1 velado hoje, a partir das 10h, no cemit\u00e9rio Bosque da Paz, em Salvador. O culto f\u00fanebre ocorrer\u00e1 \u00e0s 15 h e a crema\u00e7\u00e3o \u00e0s 16h.<\/p>\n<p>Ele j\u00e1 estava com a sa\u00fade bastante debilitada, devido \u00e0s enfermidades ocorreram nos \u00faltimos anos, mas estava sendo tratado com todos os cuidados da fam\u00edlia e m\u00e9dicos em Salvador e morava com a filha.<\/p>\n<p>Evandro Andrade foi vereador de Itapetinga entre 1967 e 1972, assumindo a presid\u00eancia do Legislativo Municipal por dois mandatos. Foi eleito prefeito em\u00a0 1972 e governou o munic\u00edpio de Itapetinga entre 1973 e 1976, sendo considerado como um grande realizador de obras p\u00fablicas e gestor correto.<\/p>\n<p>No seu governo foi feita a reforma da Pra\u00e7a Dairy Valley, constru\u00e7\u00e3o do Posto de Sa\u00fade Of\u00edsia Andrade e Rodovi\u00e1ria, dentre outras obras importantes para o munic\u00edpio.\u00a0Ap\u00f3s seu mandato, Evandro mudou-se para Teixeira de Freitas, no extremo sul da Bahia, onde exerceu a sua profiss\u00e3o de contabilista.<\/p>\n<p>Em 1982 voltou a se candidatar a prefeito de Itapetinga com o apoio do ent\u00e3o prefeito Jos\u00e9 Vaz Espinheira, mas n\u00e3o conseguiu se eleger.<\/p>\n<p>O Sudoeste Hoje lamenta o falecimento do amigo Evandro e manifesta o seu pesar \u00e0 fam\u00edlia enlutada.\u00a0O prefeito Rodrigo Hagge e a presidente da C\u00e2mara de Vereadores Naara Duarte decretaram Luto Oficial.<\/p>\n<p><strong><em>Davi Ferraz &#8211; Editor<\/em><\/strong><\/p>\n","protected":false},"excerpt":{"rendered":"<p>\u00c9 com muito pesar que registramos o falecimento do ex-prefeito de Itapetinga, Evandro Andrade, ocorrido nesta quinta-feira (7), em Salvador, onde residia com um de seus filhos. Segundo o filho Marcelo, ele estava sendo tratado e precisou fazer uma cirurgia. A cirurgia foi bem, entretanto, apresentou ontem um quadro de infec\u00e7\u00e3o respirat\u00f3ria. Foram tomadas as [&hellip;]<\/p>\n","protected":false},"author":2,"featured_media":78130,"comment_status":"open","ping_status":"open","sticky":false,"template":"","format":"standard","meta":{"footnotes":"","_links_to":"","_links_to_target":""},"categories":[1],"tags":[],"class_list":["post-78129","post","type-post","status-publish","format-standard","has-post-thumbnail","hentry","category-geral"],"views":3259,"_links":{"self":[{"href":"https:\/\/www.sudoestehoje.com.br\/novoportal\/wp-json\/wp\/v2\/posts\/78129","targetHints":{"allow":["GET"]}}],"collection":[{"href":"https:\/\/www.sudoestehoje.com.br\/novoportal\/wp-json\/wp\/v2\/posts"}],"about":[{"href":"https:\/\/www.sudoestehoje.com.br\/novoportal\/wp-json\/wp\/v2\/types\/post"}],"author":[{"embeddable":true,"href":"https:\/\/www.sudoestehoje.com.br\/novoportal\/wp-json\/wp\/v2\/users\/2"}],"replies":[{"embeddable":true,"href":"https:\/\/www.sudoestehoje.com.br\/novoportal\/wp-json\/wp\/v2\/comments?post=78129"}],"version-history":[{"count":5,"href":"https:\/\/www.sudoestehoje.com.br\/novoportal\/wp-json\/wp\/v2\/posts\/78129\/revisions"}],"predecessor-version":[{"id":78145,"href":"https:\/\/www.sudoestehoje.com.br\/novoportal\/wp-json\/wp\/v2\/posts\/78129\/revisions\/78145"}],"wp:featuredmedia":[{"embeddable":true,"href":"https:\/\/www.sudoestehoje.com.br\/novoportal\/wp-json\/wp\/v2\/media\/78130"}],"wp:attachment":[{"href":"https:\/\/www.sudoestehoje.com.br\/novoportal\/wp-json\/wp\/v2\/media?parent=78129"}],"wp:term":[{"taxonomy":"category","embeddable":true,"href":"https:\/\/www.sudoestehoje.com.br\/novoportal\/wp-json\/wp\/v2\/categories?post=78129"},{"taxonomy":"post_tag","embeddable":true,"href":"https:\/\/www.sudoestehoje.com.br\/novoportal\/wp-json\/wp\/v2\/tags?post=78129"}],"curies":[{"name":"wp","href":"https:\/\/api.w.org\/{rel}","templated":true}]}}