
{"id":78120,"date":"2019-02-07T19:57:29","date_gmt":"2019-02-07T22:57:29","guid":{"rendered":"http:\/\/www.sudoestehoje.com.br\/novoportal\/?p=78120"},"modified":"2019-02-08T00:02:37","modified_gmt":"2019-02-08T03:02:37","slug":"itapetinguense-lucas-costa-toma-posse-como-secretario-da-agricultura-do-estado","status":"publish","type":"post","link":"https:\/\/www.sudoestehoje.com.br\/novoportal\/2019\/02\/07\/itapetinguense-lucas-costa-toma-posse-como-secretario-da-agricultura-do-estado\/","title":{"rendered":"ITAPETINGUENSE LUCAS COSTA TOMA POSSE COMO SECRET\u00c1RIO DA AGRICULTURA DO ESTADO"},"content":{"rendered":"<p><a href=\"http:\/\/www.sudoestehoje.com.br\/novoportal\/wp-content\/uploads\/2019\/02\/lucas-toma-posse.jpg\"><img loading=\"lazy\" decoding=\"async\" class=\"aligncenter size-medium wp-image-78132\" src=\"http:\/\/www.sudoestehoje.com.br\/novoportal\/wp-content\/uploads\/2019\/02\/lucas-toma-posse-500x410.jpg\" alt=\"\" width=\"500\" height=\"410\" srcset=\"https:\/\/www.sudoestehoje.com.br\/novoportal\/wp-content\/uploads\/2019\/02\/lucas-toma-posse-500x410.jpg 500w, https:\/\/www.sudoestehoje.com.br\/novoportal\/wp-content\/uploads\/2019\/02\/lucas-toma-posse-700x574.jpg 700w, https:\/\/www.sudoestehoje.com.br\/novoportal\/wp-content\/uploads\/2019\/02\/lucas-toma-posse.jpg 720w\" sizes=\"auto, (max-width: 500px) 100vw, 500px\" \/><\/a><\/p>\n<p>Na tarde desta quinta-feira (7), no audit\u00f3rio da Seinfra, o governador Rui Costa deu posse aos secret\u00e1rios do primeiro escal\u00e3o do seu governo. Dos nomes j\u00e1 anunciados, foi empossado o itapetinguense Lucas Costa, para a Secretaria da Agricultura.<\/p>\n<p>Lucas Costa \u00e9 um quadro t\u00e9cnico, mas deve se filiar ao PDT, partido comandado na Bahia pelo deputado federal Felix Junior, que o indicou para o cargo.<\/p>\n<p>O evento lotou o audit\u00f3rio localizado no Centro Administrativo e contou com a presen\u00e7a de quase toda a base do governador, na esfera federal e estadual, com deputados e senadores, al\u00e9m dos novos e antigos secret\u00e1rios.<span style=\"color: #0000ff;\"><strong><a style=\"color: #0000ff;\" href=\"https:\/\/www.facebook.com\/davi.ferraz.9\/videos\/2141683475923042\/\">\u00a0CONFIRA V\u00cdDEO DA POSSE<\/a><\/strong><\/span><\/p>\n<p><em><strong>Por Davi Ferraz<\/strong><\/em><\/p>\n","protected":false},"excerpt":{"rendered":"<p>Na tarde desta quinta-feira (7), no audit\u00f3rio da Seinfra, o governador Rui Costa deu posse aos secret\u00e1rios do primeiro escal\u00e3o do seu governo. Dos nomes j\u00e1 anunciados, foi empossado o itapetinguense Lucas Costa, para a Secretaria da Agricultura. Lucas Costa \u00e9 um quadro t\u00e9cnico, mas deve se filiar ao PDT, partido comandado na Bahia pelo [&hellip;]<\/p>\n","protected":false},"author":2,"featured_media":78132,"comment_status":"open","ping_status":"open","sticky":false,"template":"","format":"standard","meta":{"footnotes":"","_links_to":"","_links_to_target":""},"categories":[1],"tags":[],"class_list":["post-78120","post","type-post","status-publish","format-standard","has-post-thumbnail","hentry","category-geral"],"views":1366,"_links":{"self":[{"href":"https:\/\/www.sudoestehoje.com.br\/novoportal\/wp-json\/wp\/v2\/posts\/78120","targetHints":{"allow":["GET"]}}],"collection":[{"href":"https:\/\/www.sudoestehoje.com.br\/novoportal\/wp-json\/wp\/v2\/posts"}],"about":[{"href":"https:\/\/www.sudoestehoje.com.br\/novoportal\/wp-json\/wp\/v2\/types\/post"}],"author":[{"embeddable":true,"href":"https:\/\/www.sudoestehoje.com.br\/novoportal\/wp-json\/wp\/v2\/users\/2"}],"replies":[{"embeddable":true,"href":"https:\/\/www.sudoestehoje.com.br\/novoportal\/wp-json\/wp\/v2\/comments?post=78120"}],"version-history":[{"count":8,"href":"https:\/\/www.sudoestehoje.com.br\/novoportal\/wp-json\/wp\/v2\/posts\/78120\/revisions"}],"predecessor-version":[{"id":78136,"href":"https:\/\/www.sudoestehoje.com.br\/novoportal\/wp-json\/wp\/v2\/posts\/78120\/revisions\/78136"}],"wp:featuredmedia":[{"embeddable":true,"href":"https:\/\/www.sudoestehoje.com.br\/novoportal\/wp-json\/wp\/v2\/media\/78132"}],"wp:attachment":[{"href":"https:\/\/www.sudoestehoje.com.br\/novoportal\/wp-json\/wp\/v2\/media?parent=78120"}],"wp:term":[{"taxonomy":"category","embeddable":true,"href":"https:\/\/www.sudoestehoje.com.br\/novoportal\/wp-json\/wp\/v2\/categories?post=78120"},{"taxonomy":"post_tag","embeddable":true,"href":"https:\/\/www.sudoestehoje.com.br\/novoportal\/wp-json\/wp\/v2\/tags?post=78120"}],"curies":[{"name":"wp","href":"https:\/\/api.w.org\/{rel}","templated":true}]}}