
{"id":78114,"date":"2019-02-07T19:24:44","date_gmt":"2019-02-07T22:24:44","guid":{"rendered":"http:\/\/www.sudoestehoje.com.br\/novoportal\/?p=78114"},"modified":"2019-02-08T00:11:00","modified_gmt":"2019-02-08T03:11:00","slug":"deputado-sergio-brito-assume-secretaria-do-desenvolvimento-urbano-da-bahia","status":"publish","type":"post","link":"https:\/\/www.sudoestehoje.com.br\/novoportal\/2019\/02\/07\/deputado-sergio-brito-assume-secretaria-do-desenvolvimento-urbano-da-bahia\/","title":{"rendered":"DEPUTADO S\u00c9RGIO BRITO ASSUME SECRETARIA DO DESENVOLVIMENTO URBANO DA BAHIA"},"content":{"rendered":"<p><a href=\"http:\/\/www.sudoestehoje.com.br\/novoportal\/wp-content\/uploads\/2019\/02\/sergio-itoror\u00f3.jpg\"><img loading=\"lazy\" decoding=\"async\" class=\"aligncenter size-medium wp-image-78118\" src=\"http:\/\/www.sudoestehoje.com.br\/novoportal\/wp-content\/uploads\/2019\/02\/sergio-itoror\u00f3-500x333.jpg\" alt=\"\" width=\"500\" height=\"333\" srcset=\"https:\/\/www.sudoestehoje.com.br\/novoportal\/wp-content\/uploads\/2019\/02\/sergio-itoror\u00f3-500x333.jpg 500w, https:\/\/www.sudoestehoje.com.br\/novoportal\/wp-content\/uploads\/2019\/02\/sergio-itoror\u00f3.jpg 621w\" sizes=\"auto, (max-width: 500px) 100vw, 500px\" \/><\/a><\/p>\n<p>O deputado federal S\u00e9rgio Brito (PSD) \u00e9 o novo titular da Secretaria do Desenvolvimento Urbano da Bahia\u00a0 (SEDUR). O nome do parlamentar foi anunciado na tarde desta quinta-feira (7) pelo governador Rui Costa (PT) durante solenidade de posse do secretariado no audit\u00f3rio da Seinfra, no CAB, em Salvador.<\/p>\n<p>A medida faz parte da movimenta\u00e7\u00e3o do petista de puxar deputados federais para o primeiro escal\u00e3o do governo e assim provocar uma nova arruma\u00e7\u00e3o na bancada federal baiana. O suplente Paulo Magalh\u00e3es (PSD) assume a vaga S\u00e9rgio Brito na C\u00e2mara dos Deputados.<\/p>\n<p>Brito foi reeleito deputado federal em 2018 com 105.427 votos. A subida dele ao cargo foi tida como surpresa, visto que o colega de partido, Charles Fernandes, era o cotado para o posto, mas conforme j\u00e1 noticiado, resistia a indica\u00e7\u00e3o.<\/p>\n<p>S\u00e9rgio Brito \u00e9 filho do ex-deputado itororoense Henrique Brito e irm\u00e3o do ex-prefeito de Itoror\u00f3, Marco Brito.<\/p>\n<p><strong><em>Por Davi Ferraz<\/em><\/strong><\/p>\n","protected":false},"excerpt":{"rendered":"<p>O deputado federal S\u00e9rgio Brito (PSD) \u00e9 o novo titular da Secretaria do Desenvolvimento Urbano da Bahia\u00a0 (SEDUR). O nome do parlamentar foi anunciado na tarde desta quinta-feira (7) pelo governador Rui Costa (PT) durante solenidade de posse do secretariado no audit\u00f3rio da Seinfra, no CAB, em Salvador. A medida faz parte da movimenta\u00e7\u00e3o do [&hellip;]<\/p>\n","protected":false},"author":2,"featured_media":78118,"comment_status":"open","ping_status":"open","sticky":false,"template":"","format":"standard","meta":{"footnotes":"","_links_to":"","_links_to_target":""},"categories":[1],"tags":[],"class_list":["post-78114","post","type-post","status-publish","format-standard","has-post-thumbnail","hentry","category-geral"],"views":1308,"_links":{"self":[{"href":"https:\/\/www.sudoestehoje.com.br\/novoportal\/wp-json\/wp\/v2\/posts\/78114","targetHints":{"allow":["GET"]}}],"collection":[{"href":"https:\/\/www.sudoestehoje.com.br\/novoportal\/wp-json\/wp\/v2\/posts"}],"about":[{"href":"https:\/\/www.sudoestehoje.com.br\/novoportal\/wp-json\/wp\/v2\/types\/post"}],"author":[{"embeddable":true,"href":"https:\/\/www.sudoestehoje.com.br\/novoportal\/wp-json\/wp\/v2\/users\/2"}],"replies":[{"embeddable":true,"href":"https:\/\/www.sudoestehoje.com.br\/novoportal\/wp-json\/wp\/v2\/comments?post=78114"}],"version-history":[{"count":5,"href":"https:\/\/www.sudoestehoje.com.br\/novoportal\/wp-json\/wp\/v2\/posts\/78114\/revisions"}],"predecessor-version":[{"id":78138,"href":"https:\/\/www.sudoestehoje.com.br\/novoportal\/wp-json\/wp\/v2\/posts\/78114\/revisions\/78138"}],"wp:featuredmedia":[{"embeddable":true,"href":"https:\/\/www.sudoestehoje.com.br\/novoportal\/wp-json\/wp\/v2\/media\/78118"}],"wp:attachment":[{"href":"https:\/\/www.sudoestehoje.com.br\/novoportal\/wp-json\/wp\/v2\/media?parent=78114"}],"wp:term":[{"taxonomy":"category","embeddable":true,"href":"https:\/\/www.sudoestehoje.com.br\/novoportal\/wp-json\/wp\/v2\/categories?post=78114"},{"taxonomy":"post_tag","embeddable":true,"href":"https:\/\/www.sudoestehoje.com.br\/novoportal\/wp-json\/wp\/v2\/tags?post=78114"}],"curies":[{"name":"wp","href":"https:\/\/api.w.org\/{rel}","templated":true}]}}