
{"id":78109,"date":"2019-02-06T16:31:44","date_gmt":"2019-02-06T19:31:44","guid":{"rendered":"http:\/\/www.sudoestehoje.com.br\/novoportal\/?p=78109"},"modified":"2019-02-06T17:42:23","modified_gmt":"2019-02-06T20:42:23","slug":"lula-e-condenado-pela-2a-vez-12-anos-e-11-meses-no-caso-do-sitio-de-atibaia","status":"publish","type":"post","link":"https:\/\/www.sudoestehoje.com.br\/novoportal\/2019\/02\/06\/lula-e-condenado-pela-2a-vez-12-anos-e-11-meses-no-caso-do-sitio-de-atibaia\/","title":{"rendered":"LULA \u00c9 CONDENADO PELA 2\u00aa VEZ: 12 ANOS E 11 MESES NO CASO DO S\u00cdTIO DE ATIBAIA"},"content":{"rendered":"<div class=\"mc-column content-text active-extra-styles active-capital-letter\" data-block-type=\"unstyled\" data-block-weight=\"45\" data-block-id=\"2\">\n<p class=\"content-text__container theme-color-primary-first-letter\" data-track-category=\"Link no Texto\" data-track-links=\"\"><a href=\"http:\/\/www.sudoestehoje.com.br\/novoportal\/wp-content\/uploads\/2019\/02\/Lula-desesperado.jpg\"><img loading=\"lazy\" decoding=\"async\" class=\"aligncenter size-medium wp-image-78111\" src=\"http:\/\/www.sudoestehoje.com.br\/novoportal\/wp-content\/uploads\/2019\/02\/Lula-desesperado-500x313.jpg\" alt=\"\" width=\"500\" height=\"313\" srcset=\"https:\/\/www.sudoestehoje.com.br\/novoportal\/wp-content\/uploads\/2019\/02\/Lula-desesperado-500x313.jpg 500w, https:\/\/www.sudoestehoje.com.br\/novoportal\/wp-content\/uploads\/2019\/02\/Lula-desesperado.jpg 640w\" sizes=\"auto, (max-width: 500px) 100vw, 500px\" \/><\/a><\/p>\n<p class=\"content-text__container theme-color-primary-first-letter\" data-track-category=\"Link no Texto\" data-track-links=\"\">O ex-presidente\u00a0Luiz In\u00e1cio Lula da Silva\u00a0foi condenado, nesta quarta-feira (6), a 12 anos e 11 meses por corrup\u00e7\u00e3o e lavagem de dinheiro no processo da Lava Jato que apura se ele\u00a0recebeu propina por meio da reforma de um s\u00edtio em Atibaia (SP).<\/p>\n<\/div>\n<div class=\"wall protected-content\">\n<div class=\"mc-column content-text active-extra-styles \" data-block-type=\"unstyled\" data-block-weight=\"31\" data-block-id=\"3\">\n<p class=\"content-text__container \" data-track-category=\"Link no Texto\" data-track-links=\"\">A senten\u00e7a da ju\u00edza substituta Gabriela Hardt, da primeira inst\u00e2ncia, \u00e9 a segunda que condena Lula na Opera\u00e7\u00e3o Lava Jato no Paran\u00e1. Cabe recurso.\u00a0Outras 12 pessoas foram denunciadas no processo.<\/p>\n<\/div>\n<div class=\"mc-column content-text active-extra-styles \" data-block-type=\"unstyled\" data-block-weight=\"55\" data-block-id=\"4\">\n<p class=\"content-text__container \" data-track-category=\"Link no Texto\" data-track-links=\"\">O ex-presidente est\u00e1 preso desde abril de 2018 em Curitiba, onde cumpre pena de 12 anos e 1 m\u00eas determinada pelo Tribunal Regional Federal da 4\u00aa Regi\u00e3o (TRF4), na primeira condena\u00e7\u00e3o dele na segunda inst\u00e2ncia pela Lava Jato. Ele foi condenado por corrup\u00e7\u00e3o passiva e lavagem de dinheiro no caso do triplex no Guaruj\u00e1 (SP).<\/p>\n<\/div>\n<div class=\"mc-column content-text active-extra-styles \" data-block-type=\"unstyled\" data-block-weight=\"20\" data-block-id=\"5\">\n<p class=\"content-text__container \" data-track-category=\"Link no Texto\" data-track-links=\"\">A ju\u00edza Gabriela Hardt \u2013 que substituiu o ex-juiz S\u00e9rgio Moro \u2013 declarou na nova senten\u00e7a ter ficado comprovado que:<a href=\"https:\/\/g1.globo.com\/pr\/parana\/noticia\/2019\/02\/06\/lula-e-condenado-em-acao-da-lava-jato-sobre-sitio-de-atibaia.ghtml\">\u00a0<span style=\"color: #0000ff;\"><strong>CONTINUE LENDO&gt;&gt;&gt;<\/strong><\/span><\/a><\/p>\n<p class=\"content-text__container \" data-track-category=\"Link no Texto\" data-track-links=\"\">\n<\/div>\n<\/div>\n","protected":false},"excerpt":{"rendered":"<p>O ex-presidente\u00a0Luiz In\u00e1cio Lula da Silva\u00a0foi condenado, nesta quarta-feira (6), a 12 anos e 11 meses por corrup\u00e7\u00e3o e lavagem de dinheiro no processo da Lava Jato que apura se ele\u00a0recebeu propina por meio da reforma de um s\u00edtio em Atibaia (SP). A senten\u00e7a da ju\u00edza substituta Gabriela Hardt, da primeira inst\u00e2ncia, \u00e9 a segunda [&hellip;]<\/p>\n","protected":false},"author":2,"featured_media":78111,"comment_status":"open","ping_status":"open","sticky":false,"template":"","format":"standard","meta":{"footnotes":"","_links_to":"","_links_to_target":""},"categories":[1],"tags":[],"class_list":["post-78109","post","type-post","status-publish","format-standard","has-post-thumbnail","hentry","category-geral"],"views":1097,"_links":{"self":[{"href":"https:\/\/www.sudoestehoje.com.br\/novoportal\/wp-json\/wp\/v2\/posts\/78109","targetHints":{"allow":["GET"]}}],"collection":[{"href":"https:\/\/www.sudoestehoje.com.br\/novoportal\/wp-json\/wp\/v2\/posts"}],"about":[{"href":"https:\/\/www.sudoestehoje.com.br\/novoportal\/wp-json\/wp\/v2\/types\/post"}],"author":[{"embeddable":true,"href":"https:\/\/www.sudoestehoje.com.br\/novoportal\/wp-json\/wp\/v2\/users\/2"}],"replies":[{"embeddable":true,"href":"https:\/\/www.sudoestehoje.com.br\/novoportal\/wp-json\/wp\/v2\/comments?post=78109"}],"version-history":[{"count":2,"href":"https:\/\/www.sudoestehoje.com.br\/novoportal\/wp-json\/wp\/v2\/posts\/78109\/revisions"}],"predecessor-version":[{"id":78113,"href":"https:\/\/www.sudoestehoje.com.br\/novoportal\/wp-json\/wp\/v2\/posts\/78109\/revisions\/78113"}],"wp:featuredmedia":[{"embeddable":true,"href":"https:\/\/www.sudoestehoje.com.br\/novoportal\/wp-json\/wp\/v2\/media\/78111"}],"wp:attachment":[{"href":"https:\/\/www.sudoestehoje.com.br\/novoportal\/wp-json\/wp\/v2\/media?parent=78109"}],"wp:term":[{"taxonomy":"category","embeddable":true,"href":"https:\/\/www.sudoestehoje.com.br\/novoportal\/wp-json\/wp\/v2\/categories?post=78109"},{"taxonomy":"post_tag","embeddable":true,"href":"https:\/\/www.sudoestehoje.com.br\/novoportal\/wp-json\/wp\/v2\/tags?post=78109"}],"curies":[{"name":"wp","href":"https:\/\/api.w.org\/{rel}","templated":true}]}}