
{"id":78088,"date":"2019-02-06T09:48:27","date_gmt":"2019-02-06T12:48:27","guid":{"rendered":"http:\/\/www.sudoestehoje.com.br\/novoportal\/?p=78088"},"modified":"2019-02-06T09:48:27","modified_gmt":"2019-02-06T12:48:27","slug":"bolsonaro-exonera-ministro-do-turismo","status":"publish","type":"post","link":"https:\/\/www.sudoestehoje.com.br\/novoportal\/2019\/02\/06\/bolsonaro-exonera-ministro-do-turismo\/","title":{"rendered":"BOLSONARO EXONERA MINISTRO DO TURISMO"},"content":{"rendered":"<p class=\"bodytext\"><a href=\"http:\/\/www.sudoestehoje.com.br\/novoportal\/wp-content\/uploads\/2019\/02\/MINISTRO-DO-TURISMO.jpg\"><img loading=\"lazy\" decoding=\"async\" class=\"aligncenter size-medium wp-image-78089\" src=\"http:\/\/www.sudoestehoje.com.br\/novoportal\/wp-content\/uploads\/2019\/02\/MINISTRO-DO-TURISMO-500x260.jpg\" alt=\"\" width=\"500\" height=\"260\" srcset=\"https:\/\/www.sudoestehoje.com.br\/novoportal\/wp-content\/uploads\/2019\/02\/MINISTRO-DO-TURISMO-500x260.jpg 500w, https:\/\/www.sudoestehoje.com.br\/novoportal\/wp-content\/uploads\/2019\/02\/MINISTRO-DO-TURISMO.jpg 540w\" sizes=\"auto, (max-width: 500px) 100vw, 500px\" \/><\/a><\/p>\n<p class=\"bodytext\">O ministro do Turismo, Marcelo \u00c1lvaro Ant\u00f4nio, foi exonerado do cargo pelo presidente Jair Bolsonaro. O decreto com o desligamento do ministro foi publicado no Di\u00e1rio Oficial da Uni\u00e3o desta quarta-feira, 6, com data da v\u00e9spera. Ant\u00f4nio, cujo nome de batismo \u00e9 Marcelo Henrique Teixeira Dias, foi reeleito deputado federal pelo PSL de Minas Gerais no ano passado, com a maior vota\u00e7\u00e3o do Estado: 230.008 votos.<\/p>\n<p class=\"bodytext\">O decreto n\u00e3o traz justificativas para a medida. Ant\u00f4nio est\u00e1 sob press\u00e3o desde segunda-feira, quando uma reportagem do jornal Folha de S.Paulo mostrou que ele supostamente participou de um esquema de lan\u00e7amento de candidatas laranja com o objetivo de desviar recursos eleitorais do Fundo Partid\u00e1rio e beneficiar empresas relacionadas ao seu gabinete.<\/p>\n<p class=\"bodytext\">De acordo com a assessoria do ministro, ele foi exonerado da pasta para poder tomar posse no cargo de deputado. Parlamentares eleitos t\u00eam at\u00e9 30 dias para tomar posse.<\/p>\n","protected":false},"excerpt":{"rendered":"<p>O ministro do Turismo, Marcelo \u00c1lvaro Ant\u00f4nio, foi exonerado do cargo pelo presidente Jair Bolsonaro. O decreto com o desligamento do ministro foi publicado no Di\u00e1rio Oficial da Uni\u00e3o desta quarta-feira, 6, com data da v\u00e9spera. Ant\u00f4nio, cujo nome de batismo \u00e9 Marcelo Henrique Teixeira Dias, foi reeleito deputado federal pelo PSL de Minas Gerais [&hellip;]<\/p>\n","protected":false},"author":2,"featured_media":78089,"comment_status":"open","ping_status":"open","sticky":false,"template":"","format":"standard","meta":{"footnotes":"","_links_to":"","_links_to_target":""},"categories":[1],"tags":[],"class_list":["post-78088","post","type-post","status-publish","format-standard","has-post-thumbnail","hentry","category-geral"],"views":1005,"_links":{"self":[{"href":"https:\/\/www.sudoestehoje.com.br\/novoportal\/wp-json\/wp\/v2\/posts\/78088","targetHints":{"allow":["GET"]}}],"collection":[{"href":"https:\/\/www.sudoestehoje.com.br\/novoportal\/wp-json\/wp\/v2\/posts"}],"about":[{"href":"https:\/\/www.sudoestehoje.com.br\/novoportal\/wp-json\/wp\/v2\/types\/post"}],"author":[{"embeddable":true,"href":"https:\/\/www.sudoestehoje.com.br\/novoportal\/wp-json\/wp\/v2\/users\/2"}],"replies":[{"embeddable":true,"href":"https:\/\/www.sudoestehoje.com.br\/novoportal\/wp-json\/wp\/v2\/comments?post=78088"}],"version-history":[{"count":1,"href":"https:\/\/www.sudoestehoje.com.br\/novoportal\/wp-json\/wp\/v2\/posts\/78088\/revisions"}],"predecessor-version":[{"id":78090,"href":"https:\/\/www.sudoestehoje.com.br\/novoportal\/wp-json\/wp\/v2\/posts\/78088\/revisions\/78090"}],"wp:featuredmedia":[{"embeddable":true,"href":"https:\/\/www.sudoestehoje.com.br\/novoportal\/wp-json\/wp\/v2\/media\/78089"}],"wp:attachment":[{"href":"https:\/\/www.sudoestehoje.com.br\/novoportal\/wp-json\/wp\/v2\/media?parent=78088"}],"wp:term":[{"taxonomy":"category","embeddable":true,"href":"https:\/\/www.sudoestehoje.com.br\/novoportal\/wp-json\/wp\/v2\/categories?post=78088"},{"taxonomy":"post_tag","embeddable":true,"href":"https:\/\/www.sudoestehoje.com.br\/novoportal\/wp-json\/wp\/v2\/tags?post=78088"}],"curies":[{"name":"wp","href":"https:\/\/api.w.org\/{rel}","templated":true}]}}