
{"id":78064,"date":"2019-02-05T19:31:09","date_gmt":"2019-02-05T22:31:09","guid":{"rendered":"http:\/\/www.sudoestehoje.com.br\/novoportal\/?p=78064"},"modified":"2019-02-05T20:40:42","modified_gmt":"2019-02-05T23:40:42","slug":"itapetinga-eleicao-da-ladi-tera-chapa-unica-com-delano-mesquita-na-presidencia","status":"publish","type":"post","link":"https:\/\/www.sudoestehoje.com.br\/novoportal\/2019\/02\/05\/itapetinga-eleicao-da-ladi-tera-chapa-unica-com-delano-mesquita-na-presidencia\/","title":{"rendered":"ITAPETINGA: ELEI\u00c7\u00c3O DA LADI TER\u00c1 CHAPA \u00daNICA COM DELANO MESQUITA NA PRESID\u00caNCIA"},"content":{"rendered":"<p><a href=\"http:\/\/www.sudoestehoje.com.br\/novoportal\/wp-content\/uploads\/2019\/02\/PAPEL-E-CIA-2019-1.jpg\"><img loading=\"lazy\" decoding=\"async\" class=\"aligncenter size-medium wp-image-78052\" src=\"http:\/\/www.sudoestehoje.com.br\/novoportal\/wp-content\/uploads\/2019\/02\/PAPEL-E-CIA-2019-1-500x200.jpg\" alt=\"\" width=\"500\" height=\"200\" \/><\/a><\/p>\n<p><a href=\"http:\/\/www.sudoestehoje.com.br\/novoportal\/wp-content\/uploads\/2019\/02\/ladi-1.jpg\"><img loading=\"lazy\" decoding=\"async\" class=\"aligncenter size-medium wp-image-78066\" src=\"http:\/\/www.sudoestehoje.com.br\/novoportal\/wp-content\/uploads\/2019\/02\/ladi-1-500x375.jpg\" alt=\"\" width=\"500\" height=\"375\" srcset=\"https:\/\/www.sudoestehoje.com.br\/novoportal\/wp-content\/uploads\/2019\/02\/ladi-1-500x375.jpg 500w, https:\/\/www.sudoestehoje.com.br\/novoportal\/wp-content\/uploads\/2019\/02\/ladi-1-768x576.jpg 768w, https:\/\/www.sudoestehoje.com.br\/novoportal\/wp-content\/uploads\/2019\/02\/ladi-1-700x525.jpg 700w, https:\/\/www.sudoestehoje.com.br\/novoportal\/wp-content\/uploads\/2019\/02\/ladi-1.jpg 960w\" sizes=\"auto, (max-width: 500px) 100vw, 500px\" \/><\/a><\/p>\n<p>Acontece, nesta quarta-feira (6), a elei\u00e7\u00e3o para renova\u00e7\u00e3o da diretoria da Liga Amadorista dos Desportos de Itapetinga &#8211; LADI, para o bi\u00eanio 2019-2020.<\/p>\n<p>Com o apoio de seis agremia\u00e7\u00f5es com direito a voto, Flamengo, Botafogo, Independente, Ipiranga, Bangu e Fluminense, o servidor p\u00fablico estadual Delano Mesquita encabe\u00e7a a chapa <em>&#8220;Somos Todos Ladi&#8221;<\/em> e deve ser eleito por aclama\u00e7\u00e3o, j\u00e1 que a chapa \u00e9 \u00fanica.<\/p>\n<p>A elei\u00e7\u00e3o ser\u00e1 realizada nesta quarta, a partir das 19h30, nas depend\u00eancias do Est\u00e1dio Primavera, em Itapetinga.<\/p>\n<p>A chapa encabe\u00e7ada por Delano conta tamb\u00e9m com o apoio da gest\u00e3o Rodrigo Hagge, atrav\u00e9s da Secretaria Municipal de Esporte e Lazer. <strong><em>Confira chapa completa:<\/em><\/strong><\/p>\n<p><a href=\"http:\/\/www.sudoestehoje.com.br\/novoportal\/wp-content\/uploads\/2019\/02\/ladi-2.jpg\"><img loading=\"lazy\" decoding=\"async\" class=\"aligncenter size-medium wp-image-78067\" src=\"http:\/\/www.sudoestehoje.com.br\/novoportal\/wp-content\/uploads\/2019\/02\/ladi-2-394x700.jpg\" alt=\"\" width=\"394\" height=\"700\" srcset=\"https:\/\/www.sudoestehoje.com.br\/novoportal\/wp-content\/uploads\/2019\/02\/ladi-2-394x700.jpg 394w, https:\/\/www.sudoestehoje.com.br\/novoportal\/wp-content\/uploads\/2019\/02\/ladi-2-506x900.jpg 506w, https:\/\/www.sudoestehoje.com.br\/novoportal\/wp-content\/uploads\/2019\/02\/ladi-2.jpg 540w\" sizes=\"auto, (max-width: 394px) 100vw, 394px\" \/><\/a><\/p>\n<p><strong><em>Por Davi Ferraz<\/em><\/strong><\/p>\n","protected":false},"excerpt":{"rendered":"<p>Acontece, nesta quarta-feira (6), a elei\u00e7\u00e3o para renova\u00e7\u00e3o da diretoria da Liga Amadorista dos Desportos de Itapetinga &#8211; LADI, para o bi\u00eanio 2019-2020. Com o apoio de seis agremia\u00e7\u00f5es com direito a voto, Flamengo, Botafogo, Independente, Ipiranga, Bangu e Fluminense, o servidor p\u00fablico estadual Delano Mesquita encabe\u00e7a a chapa &#8220;Somos Todos Ladi&#8221; e deve ser [&hellip;]<\/p>\n","protected":false},"author":2,"featured_media":78066,"comment_status":"open","ping_status":"open","sticky":false,"template":"","format":"standard","meta":{"footnotes":"","_links_to":"","_links_to_target":""},"categories":[1],"tags":[],"class_list":["post-78064","post","type-post","status-publish","format-standard","has-post-thumbnail","hentry","category-geral"],"views":1098,"_links":{"self":[{"href":"https:\/\/www.sudoestehoje.com.br\/novoportal\/wp-json\/wp\/v2\/posts\/78064","targetHints":{"allow":["GET"]}}],"collection":[{"href":"https:\/\/www.sudoestehoje.com.br\/novoportal\/wp-json\/wp\/v2\/posts"}],"about":[{"href":"https:\/\/www.sudoestehoje.com.br\/novoportal\/wp-json\/wp\/v2\/types\/post"}],"author":[{"embeddable":true,"href":"https:\/\/www.sudoestehoje.com.br\/novoportal\/wp-json\/wp\/v2\/users\/2"}],"replies":[{"embeddable":true,"href":"https:\/\/www.sudoestehoje.com.br\/novoportal\/wp-json\/wp\/v2\/comments?post=78064"}],"version-history":[{"count":6,"href":"https:\/\/www.sudoestehoje.com.br\/novoportal\/wp-json\/wp\/v2\/posts\/78064\/revisions"}],"predecessor-version":[{"id":78087,"href":"https:\/\/www.sudoestehoje.com.br\/novoportal\/wp-json\/wp\/v2\/posts\/78064\/revisions\/78087"}],"wp:featuredmedia":[{"embeddable":true,"href":"https:\/\/www.sudoestehoje.com.br\/novoportal\/wp-json\/wp\/v2\/media\/78066"}],"wp:attachment":[{"href":"https:\/\/www.sudoestehoje.com.br\/novoportal\/wp-json\/wp\/v2\/media?parent=78064"}],"wp:term":[{"taxonomy":"category","embeddable":true,"href":"https:\/\/www.sudoestehoje.com.br\/novoportal\/wp-json\/wp\/v2\/categories?post=78064"},{"taxonomy":"post_tag","embeddable":true,"href":"https:\/\/www.sudoestehoje.com.br\/novoportal\/wp-json\/wp\/v2\/tags?post=78064"}],"curies":[{"name":"wp","href":"https:\/\/api.w.org\/{rel}","templated":true}]}}