
{"id":7806,"date":"2011-08-22T09:31:58","date_gmt":"2011-08-22T12:31:58","guid":{"rendered":"http:\/\/www.sudoestehoje.com.br\/novoportal\/?p=7806"},"modified":"2011-08-22T09:31:58","modified_gmt":"2011-08-22T12:31:58","slug":"paraenses-fazem-marcha-contra-divisao-do-estado","status":"publish","type":"post","link":"https:\/\/www.sudoestehoje.com.br\/novoportal\/2011\/08\/22\/paraenses-fazem-marcha-contra-divisao-do-estado\/","title":{"rendered":"PARAENSES FAZEM MARCHA CONTRA DIVIS\u00c3O DO ESTADO"},"content":{"rendered":"<p style=\"text-align: center;\"><img decoding=\"async\" class=\"aligncenter\" src=\"http:\/\/www.bahianoticias.com.br\/fotos\/editor\/Image\/marcha-para-ae-620\" alt=\"\" \/><\/p>\n<p>Um grupo de manifestantes contr\u00e1rios ao projeto que visa dividir o estado do Par\u00e1 em tr\u00eas unidades federativas saiu \u00e0s ruas de Bel\u00e9m neste domingo na 1\u00aa Marcha Popular Contra a Divis\u00e3o do Estado do Par\u00e1. Pelas ruas da principal avenida da capital paraense, a Presidente Vargas, os populares levaram cartazes e faixas com um apelo a popula\u00e7\u00e3o do estado para que votem contra o projeto, no plebiscito que ser\u00e1 realizado no dia 11 de dezembro.\u00a0Na ocasi\u00e3o ser\u00e1 votada sobre a cria\u00e7\u00e3o de dois novos estados, Caraj\u00e1s e Tapaj\u00f3s,\u00a0no sul do Par\u00e1.<\/p>\n","protected":false},"excerpt":{"rendered":"<p>Um grupo de manifestantes contr\u00e1rios ao projeto que visa dividir o estado do Par\u00e1 em tr\u00eas unidades federativas saiu \u00e0s ruas de Bel\u00e9m neste domingo na 1\u00aa Marcha Popular Contra a Divis\u00e3o do Estado do Par\u00e1. Pelas ruas da principal avenida da capital paraense, a Presidente Vargas, os populares levaram cartazes e faixas com um [&hellip;]<\/p>\n","protected":false},"author":2,"featured_media":0,"comment_status":"open","ping_status":"open","sticky":false,"template":"","format":"standard","meta":{"footnotes":"","_links_to":"","_links_to_target":""},"categories":[1],"tags":[],"class_list":["post-7806","post","type-post","status-publish","format-standard","hentry","category-geral"],"views":1101,"_links":{"self":[{"href":"https:\/\/www.sudoestehoje.com.br\/novoportal\/wp-json\/wp\/v2\/posts\/7806","targetHints":{"allow":["GET"]}}],"collection":[{"href":"https:\/\/www.sudoestehoje.com.br\/novoportal\/wp-json\/wp\/v2\/posts"}],"about":[{"href":"https:\/\/www.sudoestehoje.com.br\/novoportal\/wp-json\/wp\/v2\/types\/post"}],"author":[{"embeddable":true,"href":"https:\/\/www.sudoestehoje.com.br\/novoportal\/wp-json\/wp\/v2\/users\/2"}],"replies":[{"embeddable":true,"href":"https:\/\/www.sudoestehoje.com.br\/novoportal\/wp-json\/wp\/v2\/comments?post=7806"}],"version-history":[{"count":2,"href":"https:\/\/www.sudoestehoje.com.br\/novoportal\/wp-json\/wp\/v2\/posts\/7806\/revisions"}],"predecessor-version":[{"id":7808,"href":"https:\/\/www.sudoestehoje.com.br\/novoportal\/wp-json\/wp\/v2\/posts\/7806\/revisions\/7808"}],"wp:attachment":[{"href":"https:\/\/www.sudoestehoje.com.br\/novoportal\/wp-json\/wp\/v2\/media?parent=7806"}],"wp:term":[{"taxonomy":"category","embeddable":true,"href":"https:\/\/www.sudoestehoje.com.br\/novoportal\/wp-json\/wp\/v2\/categories?post=7806"},{"taxonomy":"post_tag","embeddable":true,"href":"https:\/\/www.sudoestehoje.com.br\/novoportal\/wp-json\/wp\/v2\/tags?post=7806"}],"curies":[{"name":"wp","href":"https:\/\/api.w.org\/{rel}","templated":true}]}}