
{"id":78059,"date":"2019-02-04T22:12:34","date_gmt":"2019-02-05T01:12:34","guid":{"rendered":"http:\/\/www.sudoestehoje.com.br\/novoportal\/?p=78059"},"modified":"2019-02-04T22:22:30","modified_gmt":"2019-02-05T01:22:30","slug":"incendio-atinge-onibus-na-garagem-da-novo-horizonte-em-conquista","status":"publish","type":"post","link":"https:\/\/www.sudoestehoje.com.br\/novoportal\/2019\/02\/04\/incendio-atinge-onibus-na-garagem-da-novo-horizonte-em-conquista\/","title":{"rendered":"INC\u00caNDIO ATINGE \u00d4NIBUS NA GARAGEM DA NOVO HORIZONTE EM CONQUISTA"},"content":{"rendered":"<p><a href=\"http:\/\/www.sudoestehoje.com.br\/novoportal\/wp-content\/uploads\/2019\/02\/PAPEL-E-CIA-2019-1.jpg\"><img loading=\"lazy\" decoding=\"async\" class=\"aligncenter size-medium wp-image-78052\" src=\"http:\/\/www.sudoestehoje.com.br\/novoportal\/wp-content\/uploads\/2019\/02\/PAPEL-E-CIA-2019-1-500x200.jpg\" alt=\"\" width=\"500\" height=\"200\" \/><\/a><\/p>\n<p><a href=\"http:\/\/www.sudoestehoje.com.br\/novoportal\/wp-content\/uploads\/2019\/02\/incendio-novo-horiz.jpeg\"><img loading=\"lazy\" decoding=\"async\" class=\"aligncenter size-medium wp-image-78060\" src=\"http:\/\/www.sudoestehoje.com.br\/novoportal\/wp-content\/uploads\/2019\/02\/incendio-novo-horiz-500x375.jpeg\" alt=\"\" width=\"500\" height=\"375\" srcset=\"https:\/\/www.sudoestehoje.com.br\/novoportal\/wp-content\/uploads\/2019\/02\/incendio-novo-horiz-500x375.jpeg 500w, https:\/\/www.sudoestehoje.com.br\/novoportal\/wp-content\/uploads\/2019\/02\/incendio-novo-horiz.jpeg 768w, https:\/\/www.sudoestehoje.com.br\/novoportal\/wp-content\/uploads\/2019\/02\/incendio-novo-horiz-700x525.jpeg 700w\" sizes=\"auto, (max-width: 500px) 100vw, 500px\" \/><\/a><\/p>\n<p>Um inc\u00eandio de grandes propor\u00e7\u00f5es atingiu parte da frota da Via\u00e7\u00e3o Novo Horizonte, estacionada na garagem da empresa em Vit\u00f3ria da Conquista, Sudoeste do Estado, na tarde desta segunda-feira.<\/p>\n<p>De acordo com informa\u00e7\u00f5es da imprensa local, o 7\u00ba Grupamento de Bombeiros Militar foi acionado por volta das 17h para conter as chamas na garagem da Novo Horizonte, localizada na Avenida Integra\u00e7\u00e3o.<\/p>\n<p>O inc\u00eandio teria iniciado na oficina, mas ainda n\u00e3o se sabe a causa e se houve v\u00edtimas.<\/p>\n","protected":false},"excerpt":{"rendered":"<p>Um inc\u00eandio de grandes propor\u00e7\u00f5es atingiu parte da frota da Via\u00e7\u00e3o Novo Horizonte, estacionada na garagem da empresa em Vit\u00f3ria da Conquista, Sudoeste do Estado, na tarde desta segunda-feira. De acordo com informa\u00e7\u00f5es da imprensa local, o 7\u00ba Grupamento de Bombeiros Militar foi acionado por volta das 17h para conter as chamas na garagem da [&hellip;]<\/p>\n","protected":false},"author":2,"featured_media":78060,"comment_status":"open","ping_status":"open","sticky":false,"template":"","format":"standard","meta":{"footnotes":"","_links_to":"","_links_to_target":""},"categories":[1],"tags":[],"class_list":["post-78059","post","type-post","status-publish","format-standard","has-post-thumbnail","hentry","category-geral"],"views":1006,"_links":{"self":[{"href":"https:\/\/www.sudoestehoje.com.br\/novoportal\/wp-json\/wp\/v2\/posts\/78059","targetHints":{"allow":["GET"]}}],"collection":[{"href":"https:\/\/www.sudoestehoje.com.br\/novoportal\/wp-json\/wp\/v2\/posts"}],"about":[{"href":"https:\/\/www.sudoestehoje.com.br\/novoportal\/wp-json\/wp\/v2\/types\/post"}],"author":[{"embeddable":true,"href":"https:\/\/www.sudoestehoje.com.br\/novoportal\/wp-json\/wp\/v2\/users\/2"}],"replies":[{"embeddable":true,"href":"https:\/\/www.sudoestehoje.com.br\/novoportal\/wp-json\/wp\/v2\/comments?post=78059"}],"version-history":[{"count":3,"href":"https:\/\/www.sudoestehoje.com.br\/novoportal\/wp-json\/wp\/v2\/posts\/78059\/revisions"}],"predecessor-version":[{"id":78063,"href":"https:\/\/www.sudoestehoje.com.br\/novoportal\/wp-json\/wp\/v2\/posts\/78059\/revisions\/78063"}],"wp:featuredmedia":[{"embeddable":true,"href":"https:\/\/www.sudoestehoje.com.br\/novoportal\/wp-json\/wp\/v2\/media\/78060"}],"wp:attachment":[{"href":"https:\/\/www.sudoestehoje.com.br\/novoportal\/wp-json\/wp\/v2\/media?parent=78059"}],"wp:term":[{"taxonomy":"category","embeddable":true,"href":"https:\/\/www.sudoestehoje.com.br\/novoportal\/wp-json\/wp\/v2\/categories?post=78059"},{"taxonomy":"post_tag","embeddable":true,"href":"https:\/\/www.sudoestehoje.com.br\/novoportal\/wp-json\/wp\/v2\/tags?post=78059"}],"curies":[{"name":"wp","href":"https:\/\/api.w.org\/{rel}","templated":true}]}}