
{"id":78045,"date":"2019-02-04T21:25:13","date_gmt":"2019-02-05T00:25:13","guid":{"rendered":"http:\/\/www.sudoestehoje.com.br\/novoportal\/?p=78045"},"modified":"2019-02-04T21:40:56","modified_gmt":"2019-02-05T00:40:56","slug":"advogado-esta-desaparecido-ha-20-dias","status":"publish","type":"post","link":"https:\/\/www.sudoestehoje.com.br\/novoportal\/2019\/02\/04\/advogado-esta-desaparecido-ha-20-dias\/","title":{"rendered":"ADVOGADO EST\u00c1 DESAPARECIDO H\u00c1 20 DIAS"},"content":{"rendered":"<p><a href=\"http:\/\/www.sudoestehoje.com.br\/novoportal\/wp-content\/uploads\/2019\/02\/PAPEL-E-CIA-2019-1.jpg\"><img loading=\"lazy\" decoding=\"async\" class=\"aligncenter size-medium wp-image-78052\" src=\"http:\/\/www.sudoestehoje.com.br\/novoportal\/wp-content\/uploads\/2019\/02\/PAPEL-E-CIA-2019-1-500x200.jpg\" alt=\"\" width=\"500\" height=\"200\" \/><\/a><\/p>\n<p><a href=\"http:\/\/www.sudoestehoje.com.br\/novoportal\/wp-content\/uploads\/2019\/02\/ADVOGADO-DESAPARECIDO.jpeg\"><img loading=\"lazy\" decoding=\"async\" class=\"aligncenter wp-image-78046\" src=\"http:\/\/www.sudoestehoje.com.br\/novoportal\/wp-content\/uploads\/2019\/02\/ADVOGADO-DESAPARECIDO.jpeg\" alt=\"\" width=\"501\" height=\"335\" \/><\/a><\/p>\n<p>Est\u00e1 desaparecido desde o \u00faltimo dia 15 de janeiro, o advogado J\u00falio Zacarias Ferraz, radicado em Feira de Santana, que completou 43 anos de idade no dia do seu sumi\u00e7o.<\/p>\n<p>Em nota \u00e0 imprensa, o advogado Br\u00e1ulio Zacarias Ferraz, que atua em Vit\u00f3ria da Conquista e Tremedal, comunica o fato pedindo apoio para o reencontro do seu irm\u00e3o.<\/p>\n<p>Qualquer informa\u00e7\u00e3o pode ser passada diretamente a Br\u00e1ulio atrav\u00e9s dos telefones:<strong>\u00a0(77) 99989-1368.<\/strong><\/p>\n","protected":false},"excerpt":{"rendered":"<p>Est\u00e1 desaparecido desde o \u00faltimo dia 15 de janeiro, o advogado J\u00falio Zacarias Ferraz, radicado em Feira de Santana, que completou 43 anos de idade no dia do seu sumi\u00e7o. Em nota \u00e0 imprensa, o advogado Br\u00e1ulio Zacarias Ferraz, que atua em Vit\u00f3ria da Conquista e Tremedal, comunica o fato pedindo apoio para o reencontro [&hellip;]<\/p>\n","protected":false},"author":2,"featured_media":78046,"comment_status":"open","ping_status":"open","sticky":false,"template":"","format":"standard","meta":{"footnotes":"","_links_to":"","_links_to_target":""},"categories":[1],"tags":[],"class_list":["post-78045","post","type-post","status-publish","format-standard","has-post-thumbnail","hentry","category-geral"],"views":1044,"_links":{"self":[{"href":"https:\/\/www.sudoestehoje.com.br\/novoportal\/wp-json\/wp\/v2\/posts\/78045","targetHints":{"allow":["GET"]}}],"collection":[{"href":"https:\/\/www.sudoestehoje.com.br\/novoportal\/wp-json\/wp\/v2\/posts"}],"about":[{"href":"https:\/\/www.sudoestehoje.com.br\/novoportal\/wp-json\/wp\/v2\/types\/post"}],"author":[{"embeddable":true,"href":"https:\/\/www.sudoestehoje.com.br\/novoportal\/wp-json\/wp\/v2\/users\/2"}],"replies":[{"embeddable":true,"href":"https:\/\/www.sudoestehoje.com.br\/novoportal\/wp-json\/wp\/v2\/comments?post=78045"}],"version-history":[{"count":3,"href":"https:\/\/www.sudoestehoje.com.br\/novoportal\/wp-json\/wp\/v2\/posts\/78045\/revisions"}],"predecessor-version":[{"id":78053,"href":"https:\/\/www.sudoestehoje.com.br\/novoportal\/wp-json\/wp\/v2\/posts\/78045\/revisions\/78053"}],"wp:featuredmedia":[{"embeddable":true,"href":"https:\/\/www.sudoestehoje.com.br\/novoportal\/wp-json\/wp\/v2\/media\/78046"}],"wp:attachment":[{"href":"https:\/\/www.sudoestehoje.com.br\/novoportal\/wp-json\/wp\/v2\/media?parent=78045"}],"wp:term":[{"taxonomy":"category","embeddable":true,"href":"https:\/\/www.sudoestehoje.com.br\/novoportal\/wp-json\/wp\/v2\/categories?post=78045"},{"taxonomy":"post_tag","embeddable":true,"href":"https:\/\/www.sudoestehoje.com.br\/novoportal\/wp-json\/wp\/v2\/tags?post=78045"}],"curies":[{"name":"wp","href":"https:\/\/api.w.org\/{rel}","templated":true}]}}