
{"id":78040,"date":"2019-02-03T13:10:11","date_gmt":"2019-02-03T16:10:11","guid":{"rendered":"http:\/\/www.sudoestehoje.com.br\/novoportal\/?p=78040"},"modified":"2019-02-04T21:41:52","modified_gmt":"2019-02-05T00:41:52","slug":"ativista-que-denunciou-o-medium-joao-de-deus-comete-suicidio-em-barcelona","status":"publish","type":"post","link":"https:\/\/www.sudoestehoje.com.br\/novoportal\/2019\/02\/03\/ativista-que-denunciou-o-medium-joao-de-deus-comete-suicidio-em-barcelona\/","title":{"rendered":"ATIVISTA QUE DENUNCIOU O M\u00c9DIUM JO\u00c3O DE DEUS COMETE SUIC\u00cdDIO EM BARCELONA"},"content":{"rendered":"<p><a href=\"http:\/\/www.sudoestehoje.com.br\/novoportal\/wp-content\/uploads\/2019\/02\/PAPEL-E-CIA-2019-1.jpg\"><img loading=\"lazy\" decoding=\"async\" class=\"aligncenter size-medium wp-image-78052\" src=\"http:\/\/www.sudoestehoje.com.br\/novoportal\/wp-content\/uploads\/2019\/02\/PAPEL-E-CIA-2019-1-500x200.jpg\" alt=\"\" width=\"500\" height=\"200\" \/><\/a><\/p>\n<p><a href=\"http:\/\/www.sudoestehoje.com.br\/novoportal\/wp-content\/uploads\/2019\/02\/ATIVISTA.jpg\"><img loading=\"lazy\" decoding=\"async\" class=\"aligncenter size-medium wp-image-78041\" src=\"http:\/\/www.sudoestehoje.com.br\/novoportal\/wp-content\/uploads\/2019\/02\/ATIVISTA-500x260.jpg\" alt=\"\" width=\"500\" height=\"260\" srcset=\"https:\/\/www.sudoestehoje.com.br\/novoportal\/wp-content\/uploads\/2019\/02\/ATIVISTA-500x260.jpg 500w, https:\/\/www.sudoestehoje.com.br\/novoportal\/wp-content\/uploads\/2019\/02\/ATIVISTA.jpg 540w\" sizes=\"auto, (max-width: 500px) 100vw, 500px\" \/><\/a><\/p>\n<p>Morreu na noite deste s\u00e1bado a ativista Sabrina Bittencourt, que ajudou a reunir mulheres para denunciar os abusos sexuais cometidos contra elas pelo m\u00e9dium Jo\u00e3o de Deus. De acordo com um comunicado da ONG V\u00edtimas Unidas, com a qual Sabrina atuava, informou que a militante de 38 anos e m\u00e3e de tr\u00eas filhos cometeu suic\u00eddio.<\/p>\n<p>&#8220;O grupo V\u00edtimas Unidas comunica com pesar o falecimento de Sabrina de Campos Bittencourt ocorrido por volta das 21h deste s\u00e1bado, 02 de fevereiro, na cidade de Barcelona, na Espanha, onde vivia atualmente. A ativista cometeu suic\u00eddio e deixou uma carta de despedida relatando os porqu\u00eas de tirar sua pr\u00f3pria vida&#8221;, diz o texto, assinado por Maria do Carmo Santos, presidente do grupo V\u00edtimas Unidas.<\/p>\n<p>&#8220;Pedimos a todos que n\u00e3o tentem entrar em contato com nenhum integrante da fam\u00edlia, preservando-os de perguntas que sejam dolorosas neste momento t\u00e3o dif\u00edcil. Dois dos tr\u00eas filhos de Sabrina ainda n\u00e3o sabem do ocorrido e o pai, Rafael Velasco, est\u00e1 tentando proteg\u00ea-los&#8221;, afirma a nota.<\/p>\n<p>Segundo o texto, ainda n\u00e3o h\u00e1 informa\u00e7\u00f5es sobre o local do vel\u00f3rio, nem mesmo onde ela ser\u00e1 enterrada.<\/p>\n","protected":false},"excerpt":{"rendered":"<p>Morreu na noite deste s\u00e1bado a ativista Sabrina Bittencourt, que ajudou a reunir mulheres para denunciar os abusos sexuais cometidos contra elas pelo m\u00e9dium Jo\u00e3o de Deus. De acordo com um comunicado da ONG V\u00edtimas Unidas, com a qual Sabrina atuava, informou que a militante de 38 anos e m\u00e3e de tr\u00eas filhos cometeu suic\u00eddio. [&hellip;]<\/p>\n","protected":false},"author":2,"featured_media":78041,"comment_status":"open","ping_status":"open","sticky":false,"template":"","format":"standard","meta":{"footnotes":"","_links_to":"","_links_to_target":""},"categories":[1],"tags":[],"class_list":["post-78040","post","type-post","status-publish","format-standard","has-post-thumbnail","hentry","category-geral"],"views":1018,"_links":{"self":[{"href":"https:\/\/www.sudoestehoje.com.br\/novoportal\/wp-json\/wp\/v2\/posts\/78040","targetHints":{"allow":["GET"]}}],"collection":[{"href":"https:\/\/www.sudoestehoje.com.br\/novoportal\/wp-json\/wp\/v2\/posts"}],"about":[{"href":"https:\/\/www.sudoestehoje.com.br\/novoportal\/wp-json\/wp\/v2\/types\/post"}],"author":[{"embeddable":true,"href":"https:\/\/www.sudoestehoje.com.br\/novoportal\/wp-json\/wp\/v2\/users\/2"}],"replies":[{"embeddable":true,"href":"https:\/\/www.sudoestehoje.com.br\/novoportal\/wp-json\/wp\/v2\/comments?post=78040"}],"version-history":[{"count":2,"href":"https:\/\/www.sudoestehoje.com.br\/novoportal\/wp-json\/wp\/v2\/posts\/78040\/revisions"}],"predecessor-version":[{"id":78054,"href":"https:\/\/www.sudoestehoje.com.br\/novoportal\/wp-json\/wp\/v2\/posts\/78040\/revisions\/78054"}],"wp:featuredmedia":[{"embeddable":true,"href":"https:\/\/www.sudoestehoje.com.br\/novoportal\/wp-json\/wp\/v2\/media\/78041"}],"wp:attachment":[{"href":"https:\/\/www.sudoestehoje.com.br\/novoportal\/wp-json\/wp\/v2\/media?parent=78040"}],"wp:term":[{"taxonomy":"category","embeddable":true,"href":"https:\/\/www.sudoestehoje.com.br\/novoportal\/wp-json\/wp\/v2\/categories?post=78040"},{"taxonomy":"post_tag","embeddable":true,"href":"https:\/\/www.sudoestehoje.com.br\/novoportal\/wp-json\/wp\/v2\/tags?post=78040"}],"curies":[{"name":"wp","href":"https:\/\/api.w.org\/{rel}","templated":true}]}}