
{"id":78037,"date":"2019-02-03T13:02:35","date_gmt":"2019-02-03T16:02:35","guid":{"rendered":"http:\/\/www.sudoestehoje.com.br\/novoportal\/?p=78037"},"modified":"2019-02-04T21:44:39","modified_gmt":"2019-02-05T00:44:39","slug":"caes-da-raca-pit-bull-sao-abandonados-por-inquilinos-durante-36-dias-no-tocantins","status":"publish","type":"post","link":"https:\/\/www.sudoestehoje.com.br\/novoportal\/2019\/02\/03\/caes-da-raca-pit-bull-sao-abandonados-por-inquilinos-durante-36-dias-no-tocantins\/","title":{"rendered":"C\u00c3ES DA RA\u00c7A PIT BULL S\u00c3O ABANDONADOS POR INQUILINOS DURANTE 36 DIAS NO TOCANTINS"},"content":{"rendered":"<p><a href=\"http:\/\/www.sudoestehoje.com.br\/novoportal\/wp-content\/uploads\/2019\/02\/PAPEL-E-CIA-2019-1.jpg\"><img loading=\"lazy\" decoding=\"async\" class=\"aligncenter size-medium wp-image-78052\" src=\"http:\/\/www.sudoestehoje.com.br\/novoportal\/wp-content\/uploads\/2019\/02\/PAPEL-E-CIA-2019-1-500x200.jpg\" alt=\"\" width=\"500\" height=\"200\" \/><\/a><\/p>\n<p><a href=\"http:\/\/www.sudoestehoje.com.br\/novoportal\/wp-content\/uploads\/2019\/02\/pitbuls.jpg\"><img loading=\"lazy\" decoding=\"async\" class=\"aligncenter size-medium wp-image-78038\" src=\"http:\/\/www.sudoestehoje.com.br\/novoportal\/wp-content\/uploads\/2019\/02\/pitbuls-500x260.jpg\" alt=\"\" width=\"500\" height=\"260\" srcset=\"https:\/\/www.sudoestehoje.com.br\/novoportal\/wp-content\/uploads\/2019\/02\/pitbuls-500x260.jpg 500w, https:\/\/www.sudoestehoje.com.br\/novoportal\/wp-content\/uploads\/2019\/02\/pitbuls.jpg 540w\" sizes=\"auto, (max-width: 500px) 100vw, 500px\" \/><\/a><\/p>\n<p>C\u00e3es da ra\u00e7a pit bull foram resgatados por uma ONG\u00a0neste s\u00e1bado (2) ap\u00f3s ficarem 36 dias presos em uma casa, em Palmas, no Tocantins. Segundo o G1, os animais foram abandonados no local por inquilinos que fugiram ap\u00f3s atrasarem o pagamento do aluguel por seis meses.<\/p>\n<p>A situa\u00e7\u00e3o foi descoberta por um amigo da dona do im\u00f3vel. Por n\u00e3o morar no estado, a propriet\u00e1ria, Regina Elena, pediu que o amigo fosse at\u00e9 a casa. Uma Organiza\u00e7\u00e3o N\u00e3o Governamental que cuida de animais foi acionada e fez o resgate dos dois cachorros.<\/p>\n<p>Os animais estavam muito debilitados e um deles apresentava sinais de in\u00edcio de coma. N\u00e3o havia comida para eles na casa e a suspeita \u00e9 que eles tenham se alimentado com mato e pequenos animais e bebido \u00e1gua da chuva para sobreviver ao longo per\u00edodo presos.<\/p>\n<p>Vizinhos confirmaram que as pessoas que moravam na casa deixaram o local antes da virada do ano e n\u00e3o foram mais vistas.<\/p>\n","protected":false},"excerpt":{"rendered":"<p>C\u00e3es da ra\u00e7a pit bull foram resgatados por uma ONG\u00a0neste s\u00e1bado (2) ap\u00f3s ficarem 36 dias presos em uma casa, em Palmas, no Tocantins. Segundo o G1, os animais foram abandonados no local por inquilinos que fugiram ap\u00f3s atrasarem o pagamento do aluguel por seis meses. A situa\u00e7\u00e3o foi descoberta por um amigo da dona [&hellip;]<\/p>\n","protected":false},"author":2,"featured_media":78038,"comment_status":"open","ping_status":"open","sticky":false,"template":"","format":"standard","meta":{"footnotes":"","_links_to":"","_links_to_target":""},"categories":[1],"tags":[],"class_list":["post-78037","post","type-post","status-publish","format-standard","has-post-thumbnail","hentry","category-geral"],"views":987,"_links":{"self":[{"href":"https:\/\/www.sudoestehoje.com.br\/novoportal\/wp-json\/wp\/v2\/posts\/78037","targetHints":{"allow":["GET"]}}],"collection":[{"href":"https:\/\/www.sudoestehoje.com.br\/novoportal\/wp-json\/wp\/v2\/posts"}],"about":[{"href":"https:\/\/www.sudoestehoje.com.br\/novoportal\/wp-json\/wp\/v2\/types\/post"}],"author":[{"embeddable":true,"href":"https:\/\/www.sudoestehoje.com.br\/novoportal\/wp-json\/wp\/v2\/users\/2"}],"replies":[{"embeddable":true,"href":"https:\/\/www.sudoestehoje.com.br\/novoportal\/wp-json\/wp\/v2\/comments?post=78037"}],"version-history":[{"count":2,"href":"https:\/\/www.sudoestehoje.com.br\/novoportal\/wp-json\/wp\/v2\/posts\/78037\/revisions"}],"predecessor-version":[{"id":78055,"href":"https:\/\/www.sudoestehoje.com.br\/novoportal\/wp-json\/wp\/v2\/posts\/78037\/revisions\/78055"}],"wp:featuredmedia":[{"embeddable":true,"href":"https:\/\/www.sudoestehoje.com.br\/novoportal\/wp-json\/wp\/v2\/media\/78038"}],"wp:attachment":[{"href":"https:\/\/www.sudoestehoje.com.br\/novoportal\/wp-json\/wp\/v2\/media?parent=78037"}],"wp:term":[{"taxonomy":"category","embeddable":true,"href":"https:\/\/www.sudoestehoje.com.br\/novoportal\/wp-json\/wp\/v2\/categories?post=78037"},{"taxonomy":"post_tag","embeddable":true,"href":"https:\/\/www.sudoestehoje.com.br\/novoportal\/wp-json\/wp\/v2\/tags?post=78037"}],"curies":[{"name":"wp","href":"https:\/\/api.w.org\/{rel}","templated":true}]}}