
{"id":78002,"date":"2019-02-01T19:23:37","date_gmt":"2019-02-01T22:23:37","guid":{"rendered":"http:\/\/www.sudoestehoje.com.br\/novoportal\/?p=78002"},"modified":"2019-02-01T19:23:38","modified_gmt":"2019-02-01T22:23:38","slug":"prefeitos-rodrigo-hagge-e-herzem-gusmao-discutem-pactuacao-na-area-de-saude","status":"publish","type":"post","link":"https:\/\/www.sudoestehoje.com.br\/novoportal\/2019\/02\/01\/prefeitos-rodrigo-hagge-e-herzem-gusmao-discutem-pactuacao-na-area-de-saude\/","title":{"rendered":"PREFEITOS RODRIGO HAGGE E HERZEM GUSM\u00c3O DISCUTEM PACTUA\u00c7\u00c3O NA \u00c1REA DE SA\u00daDE"},"content":{"rendered":"<p><a href=\"http:\/\/www.sudoestehoje.com.br\/novoportal\/wp-content\/uploads\/2019\/02\/RODRIGO-E-HERZEM-SA\u00daDE.jpg\"><img loading=\"lazy\" decoding=\"async\" class=\"aligncenter size-medium wp-image-78003\" src=\"http:\/\/www.sudoestehoje.com.br\/novoportal\/wp-content\/uploads\/2019\/02\/RODRIGO-E-HERZEM-SA\u00daDE-500x310.jpg\" alt=\"\" width=\"500\" height=\"310\" \/><\/a><\/p>\n<p>O Hospital Esa\u00fa Matos mais uma vez abriu as portas para apresentar a sua estrutura e a sua experi\u00eancia a outros munic\u00edpios. Na manh\u00e3 desta sexta-feira (1\u00ba), o prefeito Herzem Gusm\u00e3o esteve no equipamento para receber o prefeito de Itapetinga, Rodrigo Hagge, e o seu secret\u00e1rio de Sa\u00fade, Danylo Pat\u00eas.<\/p>\n<p>Na visita, a comitiva conheceu servi\u00e7os do Hospital que s\u00e3o refer\u00eancia em qualidade de atendimento. Dentre eles, o Banco de Leite Humano, a UTI Neonatal e o Centro Obst\u00e9trico. Al\u00e9m disso, os gestores discutiram a possibilidade de pactua\u00e7\u00e3o de Itapetinga \u00e0 Rede Municipal de Sa\u00fade de Conquista, oficializando e ampliando o atendimento \u00e0 popula\u00e7\u00e3o itapetinguense.<\/p>\n<p><em>\u201cItapetinga \u00e9 pactuada com Guanambi, e os pacientes chegando aqui ainda tem que viajar quase 300 quil\u00f4metros at\u00e9 chegar a Guanambi. E, devido \u00e0 proximidade, n\u00f3s estamos convidando o prefeito de Itapetinga para firmar essa parceria, essa pactua\u00e7\u00e3o com o nosso munic\u00edpio\u201d<\/em>, explica o prefeito Herzem Gusm\u00e3o, destacando os benef\u00edcios que essa parceria tem a trazer para a popula\u00e7\u00e3o.<\/p>\n<p>Rodrigo Hagge lembra que o Hospital Esa\u00fa Matos j\u00e1 realiza atendimento ao p\u00fablico de Itapetinga, o que seria otimizado por meio da pactua\u00e7\u00e3o. Para o prefeito, a avalia\u00e7\u00e3o da proposta \u00e9 positiva: <em>\u201cN\u00f3s achamos extremamente proveitosa a visita. Parabenizo toda a equipe do Hospital Esa\u00fa Matos, que faz a gest\u00e3o e faz o acolhimento dessas fam\u00edlias. Realmente estamos dispostos a firmar essa parceria, porque vimos aqui um atendimento humanizado, que faz jus ao que a popula\u00e7\u00e3o conquistense e da regi\u00e3o do sudoeste merece.\u201d<\/em><\/p>\n<p>Tamb\u00e9m participaram da recep\u00e7\u00e3o, o secret\u00e1rio municipal de Sa\u00fade, Jos\u00e9 Raimundo Fernandes (Juka), e o diretor da Funda\u00e7\u00e3o P\u00fablica de Sa\u00fade, Felipe Bittencourt. Durante o per\u00edodo da tarde, o prefeito Herzem Gusm\u00e3o tamb\u00e9m acompanhou o colega Rodrigo Hagge, ao Centro Municipal de Aten\u00e7\u00e3o Especializada (Cemae). <strong><em>\/\/Ascom<\/em><\/strong><\/p>\n","protected":false},"excerpt":{"rendered":"<p>O Hospital Esa\u00fa Matos mais uma vez abriu as portas para apresentar a sua estrutura e a sua experi\u00eancia a outros munic\u00edpios. Na manh\u00e3 desta sexta-feira (1\u00ba), o prefeito Herzem Gusm\u00e3o esteve no equipamento para receber o prefeito de Itapetinga, Rodrigo Hagge, e o seu secret\u00e1rio de Sa\u00fade, Danylo Pat\u00eas. Na visita, a comitiva conheceu [&hellip;]<\/p>\n","protected":false},"author":2,"featured_media":78003,"comment_status":"open","ping_status":"open","sticky":false,"template":"","format":"standard","meta":{"footnotes":"","_links_to":"","_links_to_target":""},"categories":[1],"tags":[],"class_list":["post-78002","post","type-post","status-publish","format-standard","has-post-thumbnail","hentry","category-geral"],"views":1097,"_links":{"self":[{"href":"https:\/\/www.sudoestehoje.com.br\/novoportal\/wp-json\/wp\/v2\/posts\/78002","targetHints":{"allow":["GET"]}}],"collection":[{"href":"https:\/\/www.sudoestehoje.com.br\/novoportal\/wp-json\/wp\/v2\/posts"}],"about":[{"href":"https:\/\/www.sudoestehoje.com.br\/novoportal\/wp-json\/wp\/v2\/types\/post"}],"author":[{"embeddable":true,"href":"https:\/\/www.sudoestehoje.com.br\/novoportal\/wp-json\/wp\/v2\/users\/2"}],"replies":[{"embeddable":true,"href":"https:\/\/www.sudoestehoje.com.br\/novoportal\/wp-json\/wp\/v2\/comments?post=78002"}],"version-history":[{"count":2,"href":"https:\/\/www.sudoestehoje.com.br\/novoportal\/wp-json\/wp\/v2\/posts\/78002\/revisions"}],"predecessor-version":[{"id":78005,"href":"https:\/\/www.sudoestehoje.com.br\/novoportal\/wp-json\/wp\/v2\/posts\/78002\/revisions\/78005"}],"wp:featuredmedia":[{"embeddable":true,"href":"https:\/\/www.sudoestehoje.com.br\/novoportal\/wp-json\/wp\/v2\/media\/78003"}],"wp:attachment":[{"href":"https:\/\/www.sudoestehoje.com.br\/novoportal\/wp-json\/wp\/v2\/media?parent=78002"}],"wp:term":[{"taxonomy":"category","embeddable":true,"href":"https:\/\/www.sudoestehoje.com.br\/novoportal\/wp-json\/wp\/v2\/categories?post=78002"},{"taxonomy":"post_tag","embeddable":true,"href":"https:\/\/www.sudoestehoje.com.br\/novoportal\/wp-json\/wp\/v2\/tags?post=78002"}],"curies":[{"name":"wp","href":"https:\/\/api.w.org\/{rel}","templated":true}]}}