
{"id":78,"date":"2010-09-12T00:33:49","date_gmt":"2010-09-12T03:33:49","guid":{"rendered":"http:\/\/sudoestehoje.tempsite.ws\/novoportal\/?p=78"},"modified":"2010-09-17T22:08:24","modified_gmt":"2010-09-18T01:08:24","slug":"datafolha-geddel-cresce-e-vai-a-14","status":"publish","type":"post","link":"https:\/\/www.sudoestehoje.com.br\/novoportal\/2010\/09\/12\/datafolha-geddel-cresce-e-vai-a-14\/","title":{"rendered":"DATAFOLHA: GEDDEL CRESCE E VAI A 14%"},"content":{"rendered":"<div>\n<div style=\"text-align: center;\"><img decoding=\"async\" src=\"http:\/\/politicaecidadania.atarde.com.br\/wp-content\/uploads\/2009\/07\/geddel1.jpg\" border=\"0\" alt=\"\" \/><\/div>\n<div style=\"text-align: center;\">Geddel sobe, Souto desce<\/div>\n<p style=\"text-align: justify;\">Pesquisa Datafolha divulgada na edi\u00e7\u00e3o da <a href=\"http:\/\/www1.folha.uol.com.br\/fsp\/poder\/po1109201018.htm\" target=\"_blank\"><span style=\"color: #ae730f;\"><em>Folha<\/em> deste s\u00e1bado<\/span><\/a> mostra que aumentou para 30 pontos a vantagem do governador Jaques Wagner (PT) sobre o segundo colocado, o ex-governador Paulo Souto (DEM). O petista tem 48% das inten\u00e7\u00f5es de voto e o democrata, 18%. Geddel Vieira Lima (PMDB) aparece agora com 14%.<\/p>\n<p style=\"text-align: justify;\">Neste cen\u00e1rio, Wagner estaria reeleito no primeiro turno. Geddel e Souto est\u00e3o empatados, tecnicamente. Em rela\u00e7\u00e3o \u00e0 \u00faltima pesquisa, Wagner oscilou de 47% para 48% e Souto perdeu cinco pontos (tinha 23%), enquanto Geddel saiu de 11% para 14%. Tanto o ponto ganho pelo governador como o crescimento do ex-ministro peemedebista est\u00e3o dentro da margem de erro da pesquisa (tr\u00eas pontos percentuais).<\/p>\n<p style=\"text-align: justify;\">A pesquisa aferiu que 13% est\u00e3o indecisos e 5% dos consultados pretendem votar em branco ou nulo soma. Na espont\u00e2nea (quando o eleitor diz em quem pretende votar sem que lhe apresentem cartela com os nomes dos candidatos), Wagner tem 31%, Souto 8% e Geddel, 7%. No queisto rejei\u00e7\u00e3o, 32% dos eleitores consultados disseram que n\u00e3o votariam em Paulo Souto. 21% rejeitam a ideia de votar em Geddel. A rejei\u00e7\u00e3o de Wagner \u00e9 de 15%. Folha<\/p>\n<\/div>\n","protected":false},"excerpt":{"rendered":"<p>Geddel sobe, Souto desce Pesquisa Datafolha divulgada na edi\u00e7\u00e3o da Folha deste s\u00e1bado mostra que aumentou para 30 pontos a vantagem do governador Jaques Wagner (PT) sobre o segundo colocado, o ex-governador Paulo Souto (DEM). O petista tem 48% das inten\u00e7\u00f5es de voto e o democrata, 18%. Geddel Vieira Lima (PMDB) aparece agora com 14%. [&hellip;]<\/p>\n","protected":false},"author":1,"featured_media":0,"comment_status":"open","ping_status":"open","sticky":false,"template":"","format":"standard","meta":{"footnotes":"","_links_to":"","_links_to_target":""},"categories":[1],"tags":[],"class_list":["post-78","post","type-post","status-publish","format-standard","hentry","category-geral"],"views":1239,"_links":{"self":[{"href":"https:\/\/www.sudoestehoje.com.br\/novoportal\/wp-json\/wp\/v2\/posts\/78","targetHints":{"allow":["GET"]}}],"collection":[{"href":"https:\/\/www.sudoestehoje.com.br\/novoportal\/wp-json\/wp\/v2\/posts"}],"about":[{"href":"https:\/\/www.sudoestehoje.com.br\/novoportal\/wp-json\/wp\/v2\/types\/post"}],"author":[{"embeddable":true,"href":"https:\/\/www.sudoestehoje.com.br\/novoportal\/wp-json\/wp\/v2\/users\/1"}],"replies":[{"embeddable":true,"href":"https:\/\/www.sudoestehoje.com.br\/novoportal\/wp-json\/wp\/v2\/comments?post=78"}],"version-history":[{"count":1,"href":"https:\/\/www.sudoestehoje.com.br\/novoportal\/wp-json\/wp\/v2\/posts\/78\/revisions"}],"predecessor-version":[{"id":79,"href":"https:\/\/www.sudoestehoje.com.br\/novoportal\/wp-json\/wp\/v2\/posts\/78\/revisions\/79"}],"wp:attachment":[{"href":"https:\/\/www.sudoestehoje.com.br\/novoportal\/wp-json\/wp\/v2\/media?parent=78"}],"wp:term":[{"taxonomy":"category","embeddable":true,"href":"https:\/\/www.sudoestehoje.com.br\/novoportal\/wp-json\/wp\/v2\/categories?post=78"},{"taxonomy":"post_tag","embeddable":true,"href":"https:\/\/www.sudoestehoje.com.br\/novoportal\/wp-json\/wp\/v2\/tags?post=78"}],"curies":[{"name":"wp","href":"https:\/\/api.w.org\/{rel}","templated":true}]}}