
{"id":77991,"date":"2019-02-01T00:25:18","date_gmt":"2019-02-01T03:25:18","guid":{"rendered":"http:\/\/www.sudoestehoje.com.br\/novoportal\/?p=77991"},"modified":"2019-02-01T00:32:45","modified_gmt":"2019-02-01T03:32:45","slug":"ministro-confirma-presenca-de-bolsonaro-na-inauguracao-do-aeroporto-de-conquista","status":"publish","type":"post","link":"https:\/\/www.sudoestehoje.com.br\/novoportal\/2019\/02\/01\/ministro-confirma-presenca-de-bolsonaro-na-inauguracao-do-aeroporto-de-conquista\/","title":{"rendered":"MINISTRO CONFIRMA PRESEN\u00c7A DE BOLSONARO NA INAUGURA\u00c7\u00c3O DO AEROPORTO DE CONQUISTA"},"content":{"rendered":"<p><a href=\"http:\/\/www.sudoestehoje.com.br\/novoportal\/wp-content\/uploads\/2019\/02\/AEROPORTO-CONQUISTA-1.jpg\"><img loading=\"lazy\" decoding=\"async\" class=\"aligncenter size-medium wp-image-77993\" src=\"http:\/\/www.sudoestehoje.com.br\/novoportal\/wp-content\/uploads\/2019\/02\/AEROPORTO-CONQUISTA-1-500x260.jpg\" alt=\"\" width=\"500\" height=\"260\" srcset=\"https:\/\/www.sudoestehoje.com.br\/novoportal\/wp-content\/uploads\/2019\/02\/AEROPORTO-CONQUISTA-1-500x260.jpg 500w, https:\/\/www.sudoestehoje.com.br\/novoportal\/wp-content\/uploads\/2019\/02\/AEROPORTO-CONQUISTA-1.jpg 540w\" sizes=\"auto, (max-width: 500px) 100vw, 500px\" \/><\/a><\/p>\n<p>Atrav\u00e9s do twitter, o atual Ministro da Infraestrutura no governo de Jair Bolsonaro, Tarc\u00edsio Gomes Freitas, informou que o presidente estar\u00e1 em Vit\u00f3ria da Conquista para a inaugura\u00e7\u00e3o do aeroporto Glauber Rocha. Bolsonaro retweetou o ministro, confirmado a informa\u00e7\u00e3o.<\/p>\n<p>Tarc\u00edsio adjetivou o aeroporto como \u201ca maior obra de avia\u00e7\u00e3o regional do pa\u00eds\u201d. O Ministro afirma que Jair Bolsonaro tamb\u00e9m estar\u00e1 no Estado para a inaugura\u00e7\u00e3o do novo trecho da BR-235, e para licitar a Ferrovia Oeste-Leste (desde Caetit\u00e9 at\u00e9 Ilh\u00e9us).<\/p>\n<p><a href=\"http:\/\/www.sudoestehoje.com.br\/novoportal\/wp-content\/uploads\/2019\/02\/WhatsApp-Image-2019-01-30-at-22.58.50-1.jpeg\"><img loading=\"lazy\" decoding=\"async\" class=\"aligncenter size-medium wp-image-77992\" src=\"http:\/\/www.sudoestehoje.com.br\/novoportal\/wp-content\/uploads\/2019\/02\/WhatsApp-Image-2019-01-30-at-22.58.50-1-394x700.jpeg\" alt=\"\" width=\"394\" height=\"700\" srcset=\"https:\/\/www.sudoestehoje.com.br\/novoportal\/wp-content\/uploads\/2019\/02\/WhatsApp-Image-2019-01-30-at-22.58.50-1-394x700.jpeg 394w, https:\/\/www.sudoestehoje.com.br\/novoportal\/wp-content\/uploads\/2019\/02\/WhatsApp-Image-2019-01-30-at-22.58.50-1-506x900.jpeg 506w, https:\/\/www.sudoestehoje.com.br\/novoportal\/wp-content\/uploads\/2019\/02\/WhatsApp-Image-2019-01-30-at-22.58.50-1.jpeg 720w\" sizes=\"auto, (max-width: 394px) 100vw, 394px\" \/><\/a><\/p>\n<p><strong><em>Informa\u00e7\u00f5es Blog do Anderson<\/em><\/strong><\/p>\n","protected":false},"excerpt":{"rendered":"<p>Atrav\u00e9s do twitter, o atual Ministro da Infraestrutura no governo de Jair Bolsonaro, Tarc\u00edsio Gomes Freitas, informou que o presidente estar\u00e1 em Vit\u00f3ria da Conquista para a inaugura\u00e7\u00e3o do aeroporto Glauber Rocha. Bolsonaro retweetou o ministro, confirmado a informa\u00e7\u00e3o. Tarc\u00edsio adjetivou o aeroporto como \u201ca maior obra de avia\u00e7\u00e3o regional do pa\u00eds\u201d. O Ministro afirma [&hellip;]<\/p>\n","protected":false},"author":2,"featured_media":77993,"comment_status":"open","ping_status":"open","sticky":false,"template":"","format":"standard","meta":{"footnotes":"","_links_to":"","_links_to_target":""},"categories":[1],"tags":[],"class_list":["post-77991","post","type-post","status-publish","format-standard","has-post-thumbnail","hentry","category-geral"],"views":1092,"_links":{"self":[{"href":"https:\/\/www.sudoestehoje.com.br\/novoportal\/wp-json\/wp\/v2\/posts\/77991","targetHints":{"allow":["GET"]}}],"collection":[{"href":"https:\/\/www.sudoestehoje.com.br\/novoportal\/wp-json\/wp\/v2\/posts"}],"about":[{"href":"https:\/\/www.sudoestehoje.com.br\/novoportal\/wp-json\/wp\/v2\/types\/post"}],"author":[{"embeddable":true,"href":"https:\/\/www.sudoestehoje.com.br\/novoportal\/wp-json\/wp\/v2\/users\/2"}],"replies":[{"embeddable":true,"href":"https:\/\/www.sudoestehoje.com.br\/novoportal\/wp-json\/wp\/v2\/comments?post=77991"}],"version-history":[{"count":3,"href":"https:\/\/www.sudoestehoje.com.br\/novoportal\/wp-json\/wp\/v2\/posts\/77991\/revisions"}],"predecessor-version":[{"id":77996,"href":"https:\/\/www.sudoestehoje.com.br\/novoportal\/wp-json\/wp\/v2\/posts\/77991\/revisions\/77996"}],"wp:featuredmedia":[{"embeddable":true,"href":"https:\/\/www.sudoestehoje.com.br\/novoportal\/wp-json\/wp\/v2\/media\/77993"}],"wp:attachment":[{"href":"https:\/\/www.sudoestehoje.com.br\/novoportal\/wp-json\/wp\/v2\/media?parent=77991"}],"wp:term":[{"taxonomy":"category","embeddable":true,"href":"https:\/\/www.sudoestehoje.com.br\/novoportal\/wp-json\/wp\/v2\/categories?post=77991"},{"taxonomy":"post_tag","embeddable":true,"href":"https:\/\/www.sudoestehoje.com.br\/novoportal\/wp-json\/wp\/v2\/tags?post=77991"}],"curies":[{"name":"wp","href":"https:\/\/api.w.org\/{rel}","templated":true}]}}