
{"id":77987,"date":"2019-02-01T00:00:25","date_gmt":"2019-02-01T03:00:25","guid":{"rendered":"http:\/\/www.sudoestehoje.com.br\/novoportal\/?p=77987"},"modified":"2019-02-01T00:00:25","modified_gmt":"2019-02-01T03:00:25","slug":"com-o-fim-do-recesso-stf-analisara-pedido-de-liberdade-de-geddel","status":"publish","type":"post","link":"https:\/\/www.sudoestehoje.com.br\/novoportal\/2019\/02\/01\/com-o-fim-do-recesso-stf-analisara-pedido-de-liberdade-de-geddel\/","title":{"rendered":"COM O FIM DO RECESSO, STF ANALISAR\u00c1 PEDIDO DE LIBERDADE DE GEDDEL"},"content":{"rendered":"<p><a href=\"http:\/\/www.sudoestehoje.com.br\/novoportal\/wp-content\/uploads\/2019\/01\/geddel-3-840x560-840x560.jpg\"><img loading=\"lazy\" decoding=\"async\" class=\"aligncenter size-medium wp-image-77989\" src=\"http:\/\/www.sudoestehoje.com.br\/novoportal\/wp-content\/uploads\/2019\/01\/geddel-3-840x560-840x560-500x333.jpg\" alt=\"\" width=\"500\" height=\"333\" srcset=\"https:\/\/www.sudoestehoje.com.br\/novoportal\/wp-content\/uploads\/2019\/01\/geddel-3-840x560-840x560-500x333.jpg 500w, https:\/\/www.sudoestehoje.com.br\/novoportal\/wp-content\/uploads\/2019\/01\/geddel-3-840x560-840x560-768x512.jpg 768w, https:\/\/www.sudoestehoje.com.br\/novoportal\/wp-content\/uploads\/2019\/01\/geddel-3-840x560-840x560-700x467.jpg 700w, https:\/\/www.sudoestehoje.com.br\/novoportal\/wp-content\/uploads\/2019\/01\/geddel-3-840x560-840x560.jpg 840w\" sizes=\"auto, (max-width: 500px) 100vw, 500px\" \/><\/a><\/p>\n<p>Com o fim do recesso do Poder Judici\u00e1rio nesta sexta-feira (1\u00ba), os ministros do Supremo Tribunal Federal (STF) retomar\u00e3o os trabalhos e dever\u00e3o analisar pedidos que aguardavam o primeiro dia \u00fatil da Corte para serem julgados.<\/p>\n<p>Entre os casos que v\u00e3o ser analisados est\u00e1\u00a0o pedido de liberdade de Geddel Vieira Lima. A defesa dele alega que o ex- ministro deve ser solto porque a fase de instru\u00e7\u00e3o de seu processo, em que s\u00e3o coletadas provas e ouvidas testemunhas, j\u00e1 se encerrou.<\/p>\n<p>Outro caso \u00e9 uma reclama\u00e7\u00e3o do senador eleito Fl\u00e1vio Bolsonaro (PSL-RJ) para que um procedimento investigat\u00f3rio sobre ele seja enviado ao Supremo.<\/p>\n<p>A\u00e7\u00f5es contra medidas do governo de Jair Bolsonaro tamb\u00e9m devem ser analisadas pelo STF.<\/p>\n","protected":false},"excerpt":{"rendered":"<p>Com o fim do recesso do Poder Judici\u00e1rio nesta sexta-feira (1\u00ba), os ministros do Supremo Tribunal Federal (STF) retomar\u00e3o os trabalhos e dever\u00e3o analisar pedidos que aguardavam o primeiro dia \u00fatil da Corte para serem julgados. Entre os casos que v\u00e3o ser analisados est\u00e1\u00a0o pedido de liberdade de Geddel Vieira Lima. A defesa dele alega [&hellip;]<\/p>\n","protected":false},"author":2,"featured_media":77989,"comment_status":"open","ping_status":"open","sticky":false,"template":"","format":"standard","meta":{"footnotes":"","_links_to":"","_links_to_target":""},"categories":[1],"tags":[],"class_list":["post-77987","post","type-post","status-publish","format-standard","has-post-thumbnail","hentry","category-geral"],"views":985,"_links":{"self":[{"href":"https:\/\/www.sudoestehoje.com.br\/novoportal\/wp-json\/wp\/v2\/posts\/77987","targetHints":{"allow":["GET"]}}],"collection":[{"href":"https:\/\/www.sudoestehoje.com.br\/novoportal\/wp-json\/wp\/v2\/posts"}],"about":[{"href":"https:\/\/www.sudoestehoje.com.br\/novoportal\/wp-json\/wp\/v2\/types\/post"}],"author":[{"embeddable":true,"href":"https:\/\/www.sudoestehoje.com.br\/novoportal\/wp-json\/wp\/v2\/users\/2"}],"replies":[{"embeddable":true,"href":"https:\/\/www.sudoestehoje.com.br\/novoportal\/wp-json\/wp\/v2\/comments?post=77987"}],"version-history":[{"count":1,"href":"https:\/\/www.sudoestehoje.com.br\/novoportal\/wp-json\/wp\/v2\/posts\/77987\/revisions"}],"predecessor-version":[{"id":77990,"href":"https:\/\/www.sudoestehoje.com.br\/novoportal\/wp-json\/wp\/v2\/posts\/77987\/revisions\/77990"}],"wp:featuredmedia":[{"embeddable":true,"href":"https:\/\/www.sudoestehoje.com.br\/novoportal\/wp-json\/wp\/v2\/media\/77989"}],"wp:attachment":[{"href":"https:\/\/www.sudoestehoje.com.br\/novoportal\/wp-json\/wp\/v2\/media?parent=77987"}],"wp:term":[{"taxonomy":"category","embeddable":true,"href":"https:\/\/www.sudoestehoje.com.br\/novoportal\/wp-json\/wp\/v2\/categories?post=77987"},{"taxonomy":"post_tag","embeddable":true,"href":"https:\/\/www.sudoestehoje.com.br\/novoportal\/wp-json\/wp\/v2\/tags?post=77987"}],"curies":[{"name":"wp","href":"https:\/\/api.w.org\/{rel}","templated":true}]}}