
{"id":77898,"date":"2019-01-28T20:53:05","date_gmt":"2019-01-28T23:53:05","guid":{"rendered":"http:\/\/www.sudoestehoje.com.br\/novoportal\/?p=77898"},"modified":"2019-01-28T20:53:05","modified_gmt":"2019-01-28T23:53:05","slug":"casal-de-namorados-morre-apos-bater-carro-em-dois-postes-ao-voltar-de-festa","status":"publish","type":"post","link":"https:\/\/www.sudoestehoje.com.br\/novoportal\/2019\/01\/28\/casal-de-namorados-morre-apos-bater-carro-em-dois-postes-ao-voltar-de-festa\/","title":{"rendered":"CASAL DE NAMORADOS MORRE AP\u00d3S BATER CARRO EM DOIS POSTES AO VOLTAR DE FESTA"},"content":{"rendered":"<div class=\"mc-column content-text active-extra-styles active-capital-letter\" data-block-type=\"unstyled\" data-block-weight=\"38\" data-block-id=\"2\">\n<p class=\"content-text__container theme-color-primary-first-letter\" data-track-category=\"Link no Texto\" data-track-links=\"\"><a href=\"http:\/\/www.sudoestehoje.com.br\/novoportal\/wp-content\/uploads\/2019\/01\/casal-1.jpeg\"><img loading=\"lazy\" decoding=\"async\" class=\"aligncenter size-medium wp-image-77899\" src=\"http:\/\/www.sudoestehoje.com.br\/novoportal\/wp-content\/uploads\/2019\/01\/casal-1-500x281.jpeg\" alt=\"\" width=\"500\" height=\"281\" srcset=\"https:\/\/www.sudoestehoje.com.br\/novoportal\/wp-content\/uploads\/2019\/01\/casal-1-500x281.jpeg 500w, https:\/\/www.sudoestehoje.com.br\/novoportal\/wp-content\/uploads\/2019\/01\/casal-1.jpeg 640w\" sizes=\"auto, (max-width: 500px) 100vw, 500px\" \/><\/a><\/p>\n<p class=\"content-text__container theme-color-primary-first-letter\" data-track-category=\"Link no Texto\" data-track-links=\"\">Um casal de namorados morreu ap\u00f3s sofrer um grave acidente, na BR-418, no trecho de Posto da Mata, no munic\u00edpio de Nova Vi\u00e7osa, no sul da Bahia. Conforme a Pol\u00edcia Rodovi\u00e1ria Federal (PRF), uma terceira pessoa ficou ferida.<\/p>\n<\/div>\n<div class=\"wall protected-content\">\n<div class=\"mc-column content-text active-extra-styles \" data-block-type=\"unstyled\" data-block-weight=\"37\" data-block-id=\"3\">\n<p class=\"content-text__container \" data-track-category=\"Link no Texto\" data-track-links=\"\">De acordo com informa\u00e7\u00f5es da PRF, o acidente aconteceu na manh\u00e3 de domingo (27). As v\u00edtimas, identificadas como Ramon Lima Lenke, de 23 anos, e K\u00e9zia Aguiar Spada, de 21, ficaram presas nas ferragens e n\u00e3o resistiram. O \u00f3rg\u00e3o informou que Ramon perdeu o controle da dire\u00e7\u00e3o do ve\u00edculo, que bateu em dois postes. Um deles caiu em cima do carro.<\/p>\n<p class=\"content-text__container \" data-track-category=\"Link no Texto\" data-track-links=\"\"><a href=\"http:\/\/www.sudoestehoje.com.br\/novoportal\/wp-content\/uploads\/2019\/01\/casal.jpg\"><img loading=\"lazy\" decoding=\"async\" class=\"aligncenter size-medium wp-image-77900\" src=\"http:\/\/www.sudoestehoje.com.br\/novoportal\/wp-content\/uploads\/2019\/01\/casal-500x330.jpg\" alt=\"\" width=\"500\" height=\"330\" srcset=\"https:\/\/www.sudoestehoje.com.br\/novoportal\/wp-content\/uploads\/2019\/01\/casal-500x330.jpg 500w, https:\/\/www.sudoestehoje.com.br\/novoportal\/wp-content\/uploads\/2019\/01\/casal-768x507.jpg 768w, https:\/\/www.sudoestehoje.com.br\/novoportal\/wp-content\/uploads\/2019\/01\/casal-700x462.jpg 700w, https:\/\/www.sudoestehoje.com.br\/novoportal\/wp-content\/uploads\/2019\/01\/casal.jpg 1600w\" sizes=\"auto, (max-width: 500px) 100vw, 500px\" \/><\/a><\/p>\n<\/div>\n<div class=\"mc-column content-text active-extra-styles \" data-block-type=\"unstyled\" data-block-weight=\"24\" data-block-id=\"4\">\n<div class=\"mc-column content-text active-extra-styles \" data-block-type=\"unstyled\" data-block-weight=\"33\" data-block-id=\"6\">\n<p class=\"content-text__container \" data-track-category=\"Link no Texto\" data-track-links=\"\">Ainda segundo a Pol\u00edcia Rodovi\u00e1ria Federal, um jovem identificado como Evanderson Assis da Silva foi socorrido e levado para o Hospital de Posto da Mata. O estado de sa\u00fade dele n\u00e3o foi divulgado. A pol\u00edcia informou que os jovens voltavam de uma festa no distrito de H\u00e9lvecia.<\/p>\n<\/div>\n<div class=\"mc-column content-text active-extra-styles \" data-block-type=\"unstyled\" data-block-weight=\"18\" data-block-id=\"8\">\n<p class=\"content-text__container \" data-track-category=\"Link no Texto\" data-track-links=\"\">O vel\u00f3rio do casal acontece na manh\u00e3 desta segunda-feira (28), na cidade de S\u00e3o Mateus, no Esp\u00edrito Santo.<\/p>\n<\/div>\n<\/div>\n<\/div>\n","protected":false},"excerpt":{"rendered":"<p>Um casal de namorados morreu ap\u00f3s sofrer um grave acidente, na BR-418, no trecho de Posto da Mata, no munic\u00edpio de Nova Vi\u00e7osa, no sul da Bahia. Conforme a Pol\u00edcia Rodovi\u00e1ria Federal (PRF), uma terceira pessoa ficou ferida. De acordo com informa\u00e7\u00f5es da PRF, o acidente aconteceu na manh\u00e3 de domingo (27). As v\u00edtimas, identificadas [&hellip;]<\/p>\n","protected":false},"author":2,"featured_media":77899,"comment_status":"open","ping_status":"open","sticky":false,"template":"","format":"standard","meta":{"footnotes":"","_links_to":"","_links_to_target":""},"categories":[1],"tags":[],"class_list":["post-77898","post","type-post","status-publish","format-standard","has-post-thumbnail","hentry","category-geral"],"views":1107,"_links":{"self":[{"href":"https:\/\/www.sudoestehoje.com.br\/novoportal\/wp-json\/wp\/v2\/posts\/77898","targetHints":{"allow":["GET"]}}],"collection":[{"href":"https:\/\/www.sudoestehoje.com.br\/novoportal\/wp-json\/wp\/v2\/posts"}],"about":[{"href":"https:\/\/www.sudoestehoje.com.br\/novoportal\/wp-json\/wp\/v2\/types\/post"}],"author":[{"embeddable":true,"href":"https:\/\/www.sudoestehoje.com.br\/novoportal\/wp-json\/wp\/v2\/users\/2"}],"replies":[{"embeddable":true,"href":"https:\/\/www.sudoestehoje.com.br\/novoportal\/wp-json\/wp\/v2\/comments?post=77898"}],"version-history":[{"count":2,"href":"https:\/\/www.sudoestehoje.com.br\/novoportal\/wp-json\/wp\/v2\/posts\/77898\/revisions"}],"predecessor-version":[{"id":77902,"href":"https:\/\/www.sudoestehoje.com.br\/novoportal\/wp-json\/wp\/v2\/posts\/77898\/revisions\/77902"}],"wp:featuredmedia":[{"embeddable":true,"href":"https:\/\/www.sudoestehoje.com.br\/novoportal\/wp-json\/wp\/v2\/media\/77899"}],"wp:attachment":[{"href":"https:\/\/www.sudoestehoje.com.br\/novoportal\/wp-json\/wp\/v2\/media?parent=77898"}],"wp:term":[{"taxonomy":"category","embeddable":true,"href":"https:\/\/www.sudoestehoje.com.br\/novoportal\/wp-json\/wp\/v2\/categories?post=77898"},{"taxonomy":"post_tag","embeddable":true,"href":"https:\/\/www.sudoestehoje.com.br\/novoportal\/wp-json\/wp\/v2\/tags?post=77898"}],"curies":[{"name":"wp","href":"https:\/\/api.w.org\/{rel}","templated":true}]}}