
{"id":77881,"date":"2019-01-27T09:25:27","date_gmt":"2019-01-27T12:25:27","guid":{"rendered":"http:\/\/www.sudoestehoje.com.br\/novoportal\/?p=77881"},"modified":"2019-01-27T09:25:27","modified_gmt":"2019-01-27T12:25:27","slug":"equipe-de-israel-que-vai-ajudar-nas-buscas-chega-hoje-a-brumadinho","status":"publish","type":"post","link":"https:\/\/www.sudoestehoje.com.br\/novoportal\/2019\/01\/27\/equipe-de-israel-que-vai-ajudar-nas-buscas-chega-hoje-a-brumadinho\/","title":{"rendered":"EQUIPE DE ISRAEL QUE VAI AJUDAR NAS BUSCAS CHEGA HOJE A BRUMADINHO"},"content":{"rendered":"<p><a href=\"http:\/\/www.sudoestehoje.com.br\/novoportal\/wp-content\/uploads\/2019\/01\/israeli-defense-forces-27012019081033203.jpeg\"><img loading=\"lazy\" decoding=\"async\" class=\"aligncenter size-medium wp-image-77883\" src=\"http:\/\/www.sudoestehoje.com.br\/novoportal\/wp-content\/uploads\/2019\/01\/israeli-defense-forces-27012019081033203-500x273.jpeg\" alt=\"\" width=\"500\" height=\"273\" srcset=\"https:\/\/www.sudoestehoje.com.br\/novoportal\/wp-content\/uploads\/2019\/01\/israeli-defense-forces-27012019081033203-500x273.jpeg 500w, https:\/\/www.sudoestehoje.com.br\/novoportal\/wp-content\/uploads\/2019\/01\/israeli-defense-forces-27012019081033203.jpeg 660w\" sizes=\"auto, (max-width: 500px) 100vw, 500px\" \/><\/a><\/p>\n<p>Um grupo formado por 129 militares israelenses deve chegar \u00e0s 21h30 desde domingo, 27, em\u00a0Minas Gerais\u00a0para auxiliar nas buscas por v\u00edtimas do\u00a0desastre em Brumadinho. A equipe \u00e9 especializada em resgate durante cat\u00e1strofes com uso de sonares e vai trazer material eletr\u00f4nico e de escava\u00e7\u00e3o. C\u00e3es farejadores tamb\u00e9m acompanham o grupo.<\/p>\n<p>A previs\u00e3o era de que a equipe sairia de Jerusal\u00e9m \u00e0s 6 horas (hor\u00e1rio de Bras\u00edlia). Funcion\u00e1rios da embaixada de\u00a0Israel\u00a0em Bras\u00edlia v\u00e3o para Minas Gerais para dar apoio log\u00edstico \u00e0 equipe.<\/p>\n<p>A opera\u00e7\u00e3o foi coordenada pelo presidente\u00a0Jair Bolsonaro\u00a0e pelo primeiro-ministro israelense\u00a0Benjamin Netanyahu\u00a0com apoio de Yossi Shelley, embaixador do pa\u00eds no Brasil.<\/p>\n<p>Ap\u00f3s\u00a0sobrevoar a \u00e1rea da tr\u00e1g\u00e9dia, na manh\u00e3 deste s\u00e1bado, 26, o presidente anunciou a parceria com Israel apra localiza\u00e7\u00e3o das v\u00edtimas. <em>\/\/Estad\u00e3o<\/em><\/p>\n","protected":false},"excerpt":{"rendered":"<p>Um grupo formado por 129 militares israelenses deve chegar \u00e0s 21h30 desde domingo, 27, em\u00a0Minas Gerais\u00a0para auxiliar nas buscas por v\u00edtimas do\u00a0desastre em Brumadinho. A equipe \u00e9 especializada em resgate durante cat\u00e1strofes com uso de sonares e vai trazer material eletr\u00f4nico e de escava\u00e7\u00e3o. C\u00e3es farejadores tamb\u00e9m acompanham o grupo. A previs\u00e3o era de que [&hellip;]<\/p>\n","protected":false},"author":2,"featured_media":77883,"comment_status":"open","ping_status":"open","sticky":false,"template":"","format":"standard","meta":{"footnotes":"","_links_to":"","_links_to_target":""},"categories":[1],"tags":[],"class_list":["post-77881","post","type-post","status-publish","format-standard","has-post-thumbnail","hentry","category-geral"],"views":1094,"_links":{"self":[{"href":"https:\/\/www.sudoestehoje.com.br\/novoportal\/wp-json\/wp\/v2\/posts\/77881","targetHints":{"allow":["GET"]}}],"collection":[{"href":"https:\/\/www.sudoestehoje.com.br\/novoportal\/wp-json\/wp\/v2\/posts"}],"about":[{"href":"https:\/\/www.sudoestehoje.com.br\/novoportal\/wp-json\/wp\/v2\/types\/post"}],"author":[{"embeddable":true,"href":"https:\/\/www.sudoestehoje.com.br\/novoportal\/wp-json\/wp\/v2\/users\/2"}],"replies":[{"embeddable":true,"href":"https:\/\/www.sudoestehoje.com.br\/novoportal\/wp-json\/wp\/v2\/comments?post=77881"}],"version-history":[{"count":1,"href":"https:\/\/www.sudoestehoje.com.br\/novoportal\/wp-json\/wp\/v2\/posts\/77881\/revisions"}],"predecessor-version":[{"id":77884,"href":"https:\/\/www.sudoestehoje.com.br\/novoportal\/wp-json\/wp\/v2\/posts\/77881\/revisions\/77884"}],"wp:featuredmedia":[{"embeddable":true,"href":"https:\/\/www.sudoestehoje.com.br\/novoportal\/wp-json\/wp\/v2\/media\/77883"}],"wp:attachment":[{"href":"https:\/\/www.sudoestehoje.com.br\/novoportal\/wp-json\/wp\/v2\/media?parent=77881"}],"wp:term":[{"taxonomy":"category","embeddable":true,"href":"https:\/\/www.sudoestehoje.com.br\/novoportal\/wp-json\/wp\/v2\/categories?post=77881"},{"taxonomy":"post_tag","embeddable":true,"href":"https:\/\/www.sudoestehoje.com.br\/novoportal\/wp-json\/wp\/v2\/tags?post=77881"}],"curies":[{"name":"wp","href":"https:\/\/api.w.org\/{rel}","templated":true}]}}