
{"id":77854,"date":"2019-01-24T22:31:15","date_gmt":"2019-01-25T01:31:15","guid":{"rendered":"http:\/\/www.sudoestehoje.com.br\/novoportal\/?p=77854"},"modified":"2019-01-24T22:31:15","modified_gmt":"2019-01-25T01:31:15","slug":"em-protesto-diretores-da-rede-estadual-entregam-cargos-ao-governador","status":"publish","type":"post","link":"https:\/\/www.sudoestehoje.com.br\/novoportal\/2019\/01\/24\/em-protesto-diretores-da-rede-estadual-entregam-cargos-ao-governador\/","title":{"rendered":"EM PROTESTO, DIRETORES DA REDE ESTADUAL &#8216;ENTREGAM&#8217; CARGOS AO GOVERNADOR"},"content":{"rendered":"<p><a href=\"http:\/\/www.sudoestehoje.com.br\/novoportal\/wp-content\/uploads\/2019\/01\/diretores-e-vices.jpg\"><img loading=\"lazy\" decoding=\"async\" class=\"aligncenter size-medium wp-image-77855\" src=\"http:\/\/www.sudoestehoje.com.br\/novoportal\/wp-content\/uploads\/2019\/01\/diretores-e-vices-500x281.jpg\" alt=\"\" width=\"500\" height=\"281\" srcset=\"https:\/\/www.sudoestehoje.com.br\/novoportal\/wp-content\/uploads\/2019\/01\/diretores-e-vices-500x281.jpg 500w, https:\/\/www.sudoestehoje.com.br\/novoportal\/wp-content\/uploads\/2019\/01\/diretores-e-vices-768x431.jpg 768w, https:\/\/www.sudoestehoje.com.br\/novoportal\/wp-content\/uploads\/2019\/01\/diretores-e-vices-700x393.jpg 700w, https:\/\/www.sudoestehoje.com.br\/novoportal\/wp-content\/uploads\/2019\/01\/diretores-e-vices.jpg 890w\" sizes=\"auto, (max-width: 500px) 100vw, 500px\" \/><\/a><\/p>\n<p>Diretores e vice-diretores de escolas da rede estadual realizaram uma manifesta\u00e7\u00e3o na Governadoria, no Centro Administrativo da Bahia (CAB), em Salvador, na manh\u00e3 desta quinta-feira (24).<\/p>\n<p>Na segunda-feira (21), durante plen\u00e1ria promovida pela APLB-Sindicato, foi acordada a <strong><em>entrega coletiva dos cargos<\/em><\/strong> pela categoria, caso n\u00e3o ocorra a reabertura de di\u00e1logo com o Governo sobre a revoga\u00e7\u00e3o das mudan\u00e7as previstas na Lei 14032\/2018, que determina a dedica\u00e7\u00e3o exclusiva para diretores e vice-diretores.<\/p>\n<p>Segundo a categoria, o Governo n\u00e3o tem demonstrado disposi\u00e7\u00e3o e sensibilidade para dialogar e atender os pleitos, inclusive suspendeu a reuni\u00e3o que iria ocorrer no dia 16 de janeiro, na sede da Secretaria De Rela\u00e7\u00f5es Institucionais (Serin), e at\u00e9 o momento n\u00e3o remarcou novo encontro.<\/p>\n<p>Ser\u00e1 que entregam mesmo?<\/p>\n","protected":false},"excerpt":{"rendered":"<p>Diretores e vice-diretores de escolas da rede estadual realizaram uma manifesta\u00e7\u00e3o na Governadoria, no Centro Administrativo da Bahia (CAB), em Salvador, na manh\u00e3 desta quinta-feira (24). Na segunda-feira (21), durante plen\u00e1ria promovida pela APLB-Sindicato, foi acordada a entrega coletiva dos cargos pela categoria, caso n\u00e3o ocorra a reabertura de di\u00e1logo com o Governo sobre a [&hellip;]<\/p>\n","protected":false},"author":2,"featured_media":77855,"comment_status":"open","ping_status":"open","sticky":false,"template":"","format":"standard","meta":{"footnotes":"","_links_to":"","_links_to_target":""},"categories":[1],"tags":[],"class_list":["post-77854","post","type-post","status-publish","format-standard","has-post-thumbnail","hentry","category-geral"],"views":1149,"_links":{"self":[{"href":"https:\/\/www.sudoestehoje.com.br\/novoportal\/wp-json\/wp\/v2\/posts\/77854","targetHints":{"allow":["GET"]}}],"collection":[{"href":"https:\/\/www.sudoestehoje.com.br\/novoportal\/wp-json\/wp\/v2\/posts"}],"about":[{"href":"https:\/\/www.sudoestehoje.com.br\/novoportal\/wp-json\/wp\/v2\/types\/post"}],"author":[{"embeddable":true,"href":"https:\/\/www.sudoestehoje.com.br\/novoportal\/wp-json\/wp\/v2\/users\/2"}],"replies":[{"embeddable":true,"href":"https:\/\/www.sudoestehoje.com.br\/novoportal\/wp-json\/wp\/v2\/comments?post=77854"}],"version-history":[{"count":2,"href":"https:\/\/www.sudoestehoje.com.br\/novoportal\/wp-json\/wp\/v2\/posts\/77854\/revisions"}],"predecessor-version":[{"id":77857,"href":"https:\/\/www.sudoestehoje.com.br\/novoportal\/wp-json\/wp\/v2\/posts\/77854\/revisions\/77857"}],"wp:featuredmedia":[{"embeddable":true,"href":"https:\/\/www.sudoestehoje.com.br\/novoportal\/wp-json\/wp\/v2\/media\/77855"}],"wp:attachment":[{"href":"https:\/\/www.sudoestehoje.com.br\/novoportal\/wp-json\/wp\/v2\/media?parent=77854"}],"wp:term":[{"taxonomy":"category","embeddable":true,"href":"https:\/\/www.sudoestehoje.com.br\/novoportal\/wp-json\/wp\/v2\/categories?post=77854"},{"taxonomy":"post_tag","embeddable":true,"href":"https:\/\/www.sudoestehoje.com.br\/novoportal\/wp-json\/wp\/v2\/tags?post=77854"}],"curies":[{"name":"wp","href":"https:\/\/api.w.org\/{rel}","templated":true}]}}