
{"id":77837,"date":"2019-01-24T18:47:11","date_gmt":"2019-01-24T21:47:11","guid":{"rendered":"http:\/\/www.sudoestehoje.com.br\/novoportal\/?p=77837"},"modified":"2019-01-24T19:36:41","modified_gmt":"2019-01-24T22:36:41","slug":"redes-sociais-denuncias-de-venda-de-vagas-e-gente-dormindo-na-fila-do-sac-itapetinga","status":"publish","type":"post","link":"https:\/\/www.sudoestehoje.com.br\/novoportal\/2019\/01\/24\/redes-sociais-denuncias-de-venda-de-vagas-e-gente-dormindo-na-fila-do-sac-itapetinga\/","title":{"rendered":"REDES SOCIAIS: DEN\u00daNCIAS DE VENDA DE VAGAS E GENTE DORMINDO NA FILA DO SAC &#8211; ITAPETINGA"},"content":{"rendered":"<p><a href=\"http:\/\/www.sudoestehoje.com.br\/novoportal\/wp-content\/uploads\/2019\/01\/fila-sac-1.jpg\"><img loading=\"lazy\" decoding=\"async\" class=\"aligncenter size-medium wp-image-77839\" src=\"http:\/\/www.sudoestehoje.com.br\/novoportal\/wp-content\/uploads\/2019\/01\/fila-sac-1-500x333.jpg\" alt=\"\" width=\"500\" height=\"333\" srcset=\"https:\/\/www.sudoestehoje.com.br\/novoportal\/wp-content\/uploads\/2019\/01\/fila-sac-1-500x333.jpg 500w, https:\/\/www.sudoestehoje.com.br\/novoportal\/wp-content\/uploads\/2019\/01\/fila-sac-1-768x512.jpg 768w, https:\/\/www.sudoestehoje.com.br\/novoportal\/wp-content\/uploads\/2019\/01\/fila-sac-1-700x467.jpg 700w, https:\/\/www.sudoestehoje.com.br\/novoportal\/wp-content\/uploads\/2019\/01\/fila-sac-1.jpg 960w\" sizes=\"auto, (max-width: 500px) 100vw, 500px\" \/><\/a><\/p>\n<p>Diariamente, nas rede sociais, s\u00e3o postadas fotos das longas filas no PONTO SAC de Itapetinga, acompanhadas de in\u00fameras den\u00fancias de mal atendimento, falta de funcion\u00e1rios e limita\u00e7\u00e3o no n\u00famero de pessoas atendidas nos servi\u00e7os prestados diariamente.<\/p>\n<p>Com isso, as filas s\u00f3 aumentam e muita gente precisa montar acampamento durante a noite e madrugada, para conseguir ser atendido no dia seguinte, s\u00f3 que alguns espertalh\u00f5es ocupam os espa\u00e7os e vendem vagas para aqueles que realmente necessitam dos servi\u00e7os do SAC.<\/p>\n<p><a href=\"http:\/\/www.sudoestehoje.com.br\/novoportal\/wp-content\/uploads\/2019\/01\/fila-sac-2.jpg\"><img loading=\"lazy\" decoding=\"async\" class=\"aligncenter size-medium wp-image-77840\" src=\"http:\/\/www.sudoestehoje.com.br\/novoportal\/wp-content\/uploads\/2019\/01\/fila-sac-2-500x333.jpg\" alt=\"\" width=\"500\" height=\"333\" srcset=\"https:\/\/www.sudoestehoje.com.br\/novoportal\/wp-content\/uploads\/2019\/01\/fila-sac-2-500x333.jpg 500w, https:\/\/www.sudoestehoje.com.br\/novoportal\/wp-content\/uploads\/2019\/01\/fila-sac-2-768x512.jpg 768w, https:\/\/www.sudoestehoje.com.br\/novoportal\/wp-content\/uploads\/2019\/01\/fila-sac-2-700x467.jpg 700w, https:\/\/www.sudoestehoje.com.br\/novoportal\/wp-content\/uploads\/2019\/01\/fila-sac-2.jpg 960w\" sizes=\"auto, (max-width: 500px) 100vw, 500px\" \/><\/a><\/p>\n<p>Os pre\u00e7os das vagas, segundo den\u00fancias, variam de R$ 50 a R$ 100 reais, conforme o tamanho da fila e a necessidade do &#8216;fregu\u00eas&#8221;.<\/p>\n<p>Algu\u00e9m precisa dar um jeito nesse &#8216;com\u00e9rcio&#8217; vergonhoso a\u00ed. Resta saber quem.<\/p>\n<p><strong><em>Por Davi Ferraz<\/em><\/strong><\/p>\n","protected":false},"excerpt":{"rendered":"<p>Diariamente, nas rede sociais, s\u00e3o postadas fotos das longas filas no PONTO SAC de Itapetinga, acompanhadas de in\u00fameras den\u00fancias de mal atendimento, falta de funcion\u00e1rios e limita\u00e7\u00e3o no n\u00famero de pessoas atendidas nos servi\u00e7os prestados diariamente. Com isso, as filas s\u00f3 aumentam e muita gente precisa montar acampamento durante a noite e madrugada, para conseguir [&hellip;]<\/p>\n","protected":false},"author":2,"featured_media":77839,"comment_status":"open","ping_status":"open","sticky":false,"template":"","format":"standard","meta":{"footnotes":"","_links_to":"","_links_to_target":""},"categories":[1],"tags":[],"class_list":["post-77837","post","type-post","status-publish","format-standard","has-post-thumbnail","hentry","category-geral"],"views":2418,"_links":{"self":[{"href":"https:\/\/www.sudoestehoje.com.br\/novoportal\/wp-json\/wp\/v2\/posts\/77837","targetHints":{"allow":["GET"]}}],"collection":[{"href":"https:\/\/www.sudoestehoje.com.br\/novoportal\/wp-json\/wp\/v2\/posts"}],"about":[{"href":"https:\/\/www.sudoestehoje.com.br\/novoportal\/wp-json\/wp\/v2\/types\/post"}],"author":[{"embeddable":true,"href":"https:\/\/www.sudoestehoje.com.br\/novoportal\/wp-json\/wp\/v2\/users\/2"}],"replies":[{"embeddable":true,"href":"https:\/\/www.sudoestehoje.com.br\/novoportal\/wp-json\/wp\/v2\/comments?post=77837"}],"version-history":[{"count":5,"href":"https:\/\/www.sudoestehoje.com.br\/novoportal\/wp-json\/wp\/v2\/posts\/77837\/revisions"}],"predecessor-version":[{"id":77844,"href":"https:\/\/www.sudoestehoje.com.br\/novoportal\/wp-json\/wp\/v2\/posts\/77837\/revisions\/77844"}],"wp:featuredmedia":[{"embeddable":true,"href":"https:\/\/www.sudoestehoje.com.br\/novoportal\/wp-json\/wp\/v2\/media\/77839"}],"wp:attachment":[{"href":"https:\/\/www.sudoestehoje.com.br\/novoportal\/wp-json\/wp\/v2\/media?parent=77837"}],"wp:term":[{"taxonomy":"category","embeddable":true,"href":"https:\/\/www.sudoestehoje.com.br\/novoportal\/wp-json\/wp\/v2\/categories?post=77837"},{"taxonomy":"post_tag","embeddable":true,"href":"https:\/\/www.sudoestehoje.com.br\/novoportal\/wp-json\/wp\/v2\/tags?post=77837"}],"curies":[{"name":"wp","href":"https:\/\/api.w.org\/{rel}","templated":true}]}}