
{"id":77834,"date":"2019-01-24T18:25:40","date_gmt":"2019-01-24T21:25:40","guid":{"rendered":"http:\/\/www.sudoestehoje.com.br\/novoportal\/?p=77834"},"modified":"2019-01-24T18:25:40","modified_gmt":"2019-01-24T21:25:40","slug":"jean-wyllys-desiste-do-mandato-de-deputado-alegando-ameacas-de-morte","status":"publish","type":"post","link":"https:\/\/www.sudoestehoje.com.br\/novoportal\/2019\/01\/24\/jean-wyllys-desiste-do-mandato-de-deputado-alegando-ameacas-de-morte\/","title":{"rendered":"JEAN WYLLYS DESISTE DO MANDATO DE DEPUTADO ALEGANDO AMEA\u00c7AS DE MORTE"},"content":{"rendered":"<p><a href=\"http:\/\/www.sudoestehoje.com.br\/novoportal\/wp-content\/uploads\/2019\/01\/wyllys.jpeg\"><img loading=\"lazy\" decoding=\"async\" class=\"aligncenter size-medium wp-image-77835\" src=\"http:\/\/www.sudoestehoje.com.br\/novoportal\/wp-content\/uploads\/2019\/01\/wyllys-500x332.jpeg\" alt=\"\" width=\"500\" height=\"332\" srcset=\"https:\/\/www.sudoestehoje.com.br\/novoportal\/wp-content\/uploads\/2019\/01\/wyllys-500x332.jpeg 500w, https:\/\/www.sudoestehoje.com.br\/novoportal\/wp-content\/uploads\/2019\/01\/wyllys.jpeg 650w\" sizes=\"auto, (max-width: 500px) 100vw, 500px\" \/><\/a><\/p>\n<p>O deputado federal pelo Partido Socialismo e Liberdade (Psol), Jean Wyllys, ir\u00e1 entregar o mandato e deixar\u00e1 o Brasil. Em uma entrevista concedida ao jornal Folha de S. Paulo, o parlamentar contou que, desde de que sua companheira de partido Marielle Franco foi assassinada, ele vive sob escolta policial diante das in\u00fameras amea\u00e7as de morte.<\/p>\n<p>&#8220;O [ex-presidente do Uruguai] Pepe Mujica, quando soube que eu estava amea\u00e7ado de morte, falou para mim: &#8216;Rapaz, se cuide. Os m\u00e1rtires n\u00e3o s\u00e3o her\u00f3is&#8217;. E \u00e9 isso: eu n\u00e3o quero me sacrificar&#8221;, explicou Wyllys. Ele est\u00e1 de f\u00e9rias no exterior e revelou ao jornal que, ap\u00f3s deixar a pol\u00edtica, ir\u00e1 se dedicar \u00e0 carreira acad\u00eamica.<\/p>\n<p>Ainda segundo o parlamentar, que foi eleito pela terceira vez consecutiva como deputado federal, o que tamb\u00e9m fortaleceu a ideia de deixar o pa\u00eds e o mandato foi a poss\u00edvel rela\u00e7\u00e3o do senador eleito e filho de Jair Bolsonaro, Fl\u00e1vio Bolsonaro, com a mil\u00edcia carioca.<\/p>\n<p>&#8220;Me apavora saber que o filho do presidente contratou no seu gabinete a esposa e a m\u00e3e do sic\u00e1rio. O presidente que sempre me difamou, que sempre me insultou de maneira aberta, que sempre utilizou de homofobia contra mim. Esse ambiente n\u00e3o \u00e9 seguro para mim&#8221;, desabafou.<\/p>\n","protected":false},"excerpt":{"rendered":"<p>O deputado federal pelo Partido Socialismo e Liberdade (Psol), Jean Wyllys, ir\u00e1 entregar o mandato e deixar\u00e1 o Brasil. Em uma entrevista concedida ao jornal Folha de S. Paulo, o parlamentar contou que, desde de que sua companheira de partido Marielle Franco foi assassinada, ele vive sob escolta policial diante das in\u00fameras amea\u00e7as de morte. [&hellip;]<\/p>\n","protected":false},"author":2,"featured_media":77835,"comment_status":"open","ping_status":"open","sticky":false,"template":"","format":"standard","meta":{"footnotes":"","_links_to":"","_links_to_target":""},"categories":[1],"tags":[],"class_list":["post-77834","post","type-post","status-publish","format-standard","has-post-thumbnail","hentry","category-geral"],"views":1022,"_links":{"self":[{"href":"https:\/\/www.sudoestehoje.com.br\/novoportal\/wp-json\/wp\/v2\/posts\/77834","targetHints":{"allow":["GET"]}}],"collection":[{"href":"https:\/\/www.sudoestehoje.com.br\/novoportal\/wp-json\/wp\/v2\/posts"}],"about":[{"href":"https:\/\/www.sudoestehoje.com.br\/novoportal\/wp-json\/wp\/v2\/types\/post"}],"author":[{"embeddable":true,"href":"https:\/\/www.sudoestehoje.com.br\/novoportal\/wp-json\/wp\/v2\/users\/2"}],"replies":[{"embeddable":true,"href":"https:\/\/www.sudoestehoje.com.br\/novoportal\/wp-json\/wp\/v2\/comments?post=77834"}],"version-history":[{"count":1,"href":"https:\/\/www.sudoestehoje.com.br\/novoportal\/wp-json\/wp\/v2\/posts\/77834\/revisions"}],"predecessor-version":[{"id":77836,"href":"https:\/\/www.sudoestehoje.com.br\/novoportal\/wp-json\/wp\/v2\/posts\/77834\/revisions\/77836"}],"wp:featuredmedia":[{"embeddable":true,"href":"https:\/\/www.sudoestehoje.com.br\/novoportal\/wp-json\/wp\/v2\/media\/77835"}],"wp:attachment":[{"href":"https:\/\/www.sudoestehoje.com.br\/novoportal\/wp-json\/wp\/v2\/media?parent=77834"}],"wp:term":[{"taxonomy":"category","embeddable":true,"href":"https:\/\/www.sudoestehoje.com.br\/novoportal\/wp-json\/wp\/v2\/categories?post=77834"},{"taxonomy":"post_tag","embeddable":true,"href":"https:\/\/www.sudoestehoje.com.br\/novoportal\/wp-json\/wp\/v2\/tags?post=77834"}],"curies":[{"name":"wp","href":"https:\/\/api.w.org\/{rel}","templated":true}]}}