
{"id":77831,"date":"2019-01-24T11:38:41","date_gmt":"2019-01-24T14:38:41","guid":{"rendered":"http:\/\/www.sudoestehoje.com.br\/novoportal\/?p=77831"},"modified":"2019-01-24T11:38:41","modified_gmt":"2019-01-24T14:38:41","slug":"morre-o-pecuarista-gustavo-paulino-pai-do-ex-secretario-crescencio-andrade","status":"publish","type":"post","link":"https:\/\/www.sudoestehoje.com.br\/novoportal\/2019\/01\/24\/morre-o-pecuarista-gustavo-paulino-pai-do-ex-secretario-crescencio-andrade\/","title":{"rendered":"MORRE O PECUARISTA GUSTAVO PAULINO, PAI DO EX-SECRET\u00c1RIO CRESC\u00caNCIO ANDRADE"},"content":{"rendered":"<p><a href=\"http:\/\/www.sudoestehoje.com.br\/novoportal\/wp-content\/uploads\/2019\/01\/gustavo-paulino.jpg\"><img loading=\"lazy\" decoding=\"async\" class=\"aligncenter size-medium wp-image-77832\" src=\"http:\/\/www.sudoestehoje.com.br\/novoportal\/wp-content\/uploads\/2019\/01\/gustavo-paulino-500x579.jpg\" alt=\"\" width=\"500\" height=\"579\" srcset=\"https:\/\/www.sudoestehoje.com.br\/novoportal\/wp-content\/uploads\/2019\/01\/gustavo-paulino-500x579.jpg 500w, https:\/\/www.sudoestehoje.com.br\/novoportal\/wp-content\/uploads\/2019\/01\/gustavo-paulino-768x889.jpg 768w, https:\/\/www.sudoestehoje.com.br\/novoportal\/wp-content\/uploads\/2019\/01\/gustavo-paulino-700x811.jpg 700w, https:\/\/www.sudoestehoje.com.br\/novoportal\/wp-content\/uploads\/2019\/01\/gustavo-paulino.jpg 829w\" sizes=\"auto, (max-width: 500px) 100vw, 500px\" \/><\/a><\/p>\n<p>Faleceu, aos 102 anos de idade, na manh\u00e3 desta quinta-feira (24), o pecuarista itapetinguense Gustavo Paulino de Souza, pai do ex-Secret\u00e1rio de Transportes da prefeitura de Itapetinga, Cresc\u00eancio Andrade.<\/p>\n<p>Em decorr\u00eancia da idade j\u00e1 avan\u00e7ada, &#8216;seu&#8217; Gustavo j\u00e1 vinha com a sa\u00fade debilitada, sob os cuidados da fam\u00edlia, e acabou vindo a \u00f3bito de causas naturais, deixando filhos, netos e bisnetos.<\/p>\n<p>O corpo est\u00e1 sendo velado na Primeira Igreja Batista de Itapetinga e o sepultamento est\u00e1 previsto para as 17h desta quinta-feira.<\/p>\n<p>O Sudoeste Hoje manifesta \u00e0 fam\u00edlia enlutada o seu pesar pela passagem de &#8216;seu&#8217; Gustavo, pessoa querida e respeitada em toda a regi\u00e3o.<\/p>\n<p><strong><em>Davi Ferraz &#8211; Editor<\/em><\/strong><\/p>\n","protected":false},"excerpt":{"rendered":"<p>Faleceu, aos 102 anos de idade, na manh\u00e3 desta quinta-feira (24), o pecuarista itapetinguense Gustavo Paulino de Souza, pai do ex-Secret\u00e1rio de Transportes da prefeitura de Itapetinga, Cresc\u00eancio Andrade. Em decorr\u00eancia da idade j\u00e1 avan\u00e7ada, &#8216;seu&#8217; Gustavo j\u00e1 vinha com a sa\u00fade debilitada, sob os cuidados da fam\u00edlia, e acabou vindo a \u00f3bito de causas [&hellip;]<\/p>\n","protected":false},"author":2,"featured_media":77832,"comment_status":"open","ping_status":"open","sticky":false,"template":"","format":"standard","meta":{"footnotes":"","_links_to":"","_links_to_target":""},"categories":[1],"tags":[],"class_list":["post-77831","post","type-post","status-publish","format-standard","has-post-thumbnail","hentry","category-geral"],"views":2199,"_links":{"self":[{"href":"https:\/\/www.sudoestehoje.com.br\/novoportal\/wp-json\/wp\/v2\/posts\/77831","targetHints":{"allow":["GET"]}}],"collection":[{"href":"https:\/\/www.sudoestehoje.com.br\/novoportal\/wp-json\/wp\/v2\/posts"}],"about":[{"href":"https:\/\/www.sudoestehoje.com.br\/novoportal\/wp-json\/wp\/v2\/types\/post"}],"author":[{"embeddable":true,"href":"https:\/\/www.sudoestehoje.com.br\/novoportal\/wp-json\/wp\/v2\/users\/2"}],"replies":[{"embeddable":true,"href":"https:\/\/www.sudoestehoje.com.br\/novoportal\/wp-json\/wp\/v2\/comments?post=77831"}],"version-history":[{"count":1,"href":"https:\/\/www.sudoestehoje.com.br\/novoportal\/wp-json\/wp\/v2\/posts\/77831\/revisions"}],"predecessor-version":[{"id":77833,"href":"https:\/\/www.sudoestehoje.com.br\/novoportal\/wp-json\/wp\/v2\/posts\/77831\/revisions\/77833"}],"wp:featuredmedia":[{"embeddable":true,"href":"https:\/\/www.sudoestehoje.com.br\/novoportal\/wp-json\/wp\/v2\/media\/77832"}],"wp:attachment":[{"href":"https:\/\/www.sudoestehoje.com.br\/novoportal\/wp-json\/wp\/v2\/media?parent=77831"}],"wp:term":[{"taxonomy":"category","embeddable":true,"href":"https:\/\/www.sudoestehoje.com.br\/novoportal\/wp-json\/wp\/v2\/categories?post=77831"},{"taxonomy":"post_tag","embeddable":true,"href":"https:\/\/www.sudoestehoje.com.br\/novoportal\/wp-json\/wp\/v2\/tags?post=77831"}],"curies":[{"name":"wp","href":"https:\/\/api.w.org\/{rel}","templated":true}]}}