
{"id":77822,"date":"2019-01-23T20:33:39","date_gmt":"2019-01-23T23:33:39","guid":{"rendered":"http:\/\/www.sudoestehoje.com.br\/novoportal\/?p=77822"},"modified":"2019-01-23T20:33:39","modified_gmt":"2019-01-23T23:33:39","slug":"bbb-e-eliminado-apos-denuncia-de-assedio-e-estupro-policia-intimou","status":"publish","type":"post","link":"https:\/\/www.sudoestehoje.com.br\/novoportal\/2019\/01\/23\/bbb-e-eliminado-apos-denuncia-de-assedio-e-estupro-policia-intimou\/","title":{"rendered":"BBB \u00c9 ELIMINADO AP\u00d3S DENUNCIA DE ASS\u00c9DIO E ESTUPRO; POL\u00cdCIA INTIMOU"},"content":{"rendered":"<p><a href=\"http:\/\/www.sudoestehoje.com.br\/novoportal\/wp-content\/uploads\/2019\/01\/VANDERSON-ELIMINADO.jpg\"><img loading=\"lazy\" decoding=\"async\" class=\"aligncenter size-medium wp-image-77826\" src=\"http:\/\/www.sudoestehoje.com.br\/novoportal\/wp-content\/uploads\/2019\/01\/VANDERSON-ELIMINADO-500x336.jpg\" alt=\"\" width=\"500\" height=\"336\" srcset=\"https:\/\/www.sudoestehoje.com.br\/novoportal\/wp-content\/uploads\/2019\/01\/VANDERSON-ELIMINADO-500x336.jpg 500w, https:\/\/www.sudoestehoje.com.br\/novoportal\/wp-content\/uploads\/2019\/01\/VANDERSON-ELIMINADO.jpg 700w\" sizes=\"auto, (max-width: 500px) 100vw, 500px\" \/><\/a><\/p>\n<p>N\u00e3o deu para Vanderson Brito. O participante foi desclassificado do Big Brother Brasil na manh\u00e3 desta quarta-feira (23)\u00a0<a href=\"http:\/\/bahia.ba\/entretenimento\/participante-do-bbb-e-acusado-de-agressao-por-ex-namorada-sofri-muito\/\">por conta das acusa\u00e7\u00f5es de ass\u00e9dio, importuna\u00e7\u00e3o sexual, estupro e viol\u00eancia dom\u00e9stica<\/a>.<\/p>\n<p>O an\u00fancio da sa\u00edda do bi\u00f3logo foi feito por Tiago Leifert aos integrantes do reality show. No comunicado para os brothers, o apresentador resumiu a sa\u00edda do acreano a uma quest\u00e3o jur\u00eddica.<\/p>\n<p><em>\u201cAten\u00e7\u00e3o, tenho um comunicado importante a fazer. Prestem muita aten\u00e7\u00e3o. O Vanderson, por uma quest\u00e3o jur\u00eddica, o Vanderson teve que sair do confinamento fazer contato com o mundo exterior, por isso, ele est\u00e1 desclassificado. Jogo que segue para voc\u00eas, vida que segue na casa. Por favor, pe\u00e7o que arrumem as malas dele imediatamente e coloquem na despensa. N\u00e3o esque\u00e7am de pegar os \u00f3culos dele tamb\u00e9m\u201d<\/em>.<\/p>\n","protected":false},"excerpt":{"rendered":"<p>N\u00e3o deu para Vanderson Brito. O participante foi desclassificado do Big Brother Brasil na manh\u00e3 desta quarta-feira (23)\u00a0por conta das acusa\u00e7\u00f5es de ass\u00e9dio, importuna\u00e7\u00e3o sexual, estupro e viol\u00eancia dom\u00e9stica. O an\u00fancio da sa\u00edda do bi\u00f3logo foi feito por Tiago Leifert aos integrantes do reality show. No comunicado para os brothers, o apresentador resumiu a sa\u00edda [&hellip;]<\/p>\n","protected":false},"author":2,"featured_media":77826,"comment_status":"open","ping_status":"open","sticky":false,"template":"","format":"standard","meta":{"footnotes":"","_links_to":"","_links_to_target":""},"categories":[1],"tags":[],"class_list":["post-77822","post","type-post","status-publish","format-standard","has-post-thumbnail","hentry","category-geral"],"views":1040,"_links":{"self":[{"href":"https:\/\/www.sudoestehoje.com.br\/novoportal\/wp-json\/wp\/v2\/posts\/77822","targetHints":{"allow":["GET"]}}],"collection":[{"href":"https:\/\/www.sudoestehoje.com.br\/novoportal\/wp-json\/wp\/v2\/posts"}],"about":[{"href":"https:\/\/www.sudoestehoje.com.br\/novoportal\/wp-json\/wp\/v2\/types\/post"}],"author":[{"embeddable":true,"href":"https:\/\/www.sudoestehoje.com.br\/novoportal\/wp-json\/wp\/v2\/users\/2"}],"replies":[{"embeddable":true,"href":"https:\/\/www.sudoestehoje.com.br\/novoportal\/wp-json\/wp\/v2\/comments?post=77822"}],"version-history":[{"count":4,"href":"https:\/\/www.sudoestehoje.com.br\/novoportal\/wp-json\/wp\/v2\/posts\/77822\/revisions"}],"predecessor-version":[{"id":77827,"href":"https:\/\/www.sudoestehoje.com.br\/novoportal\/wp-json\/wp\/v2\/posts\/77822\/revisions\/77827"}],"wp:featuredmedia":[{"embeddable":true,"href":"https:\/\/www.sudoestehoje.com.br\/novoportal\/wp-json\/wp\/v2\/media\/77826"}],"wp:attachment":[{"href":"https:\/\/www.sudoestehoje.com.br\/novoportal\/wp-json\/wp\/v2\/media?parent=77822"}],"wp:term":[{"taxonomy":"category","embeddable":true,"href":"https:\/\/www.sudoestehoje.com.br\/novoportal\/wp-json\/wp\/v2\/categories?post=77822"},{"taxonomy":"post_tag","embeddable":true,"href":"https:\/\/www.sudoestehoje.com.br\/novoportal\/wp-json\/wp\/v2\/tags?post=77822"}],"curies":[{"name":"wp","href":"https:\/\/api.w.org\/{rel}","templated":true}]}}