
{"id":77819,"date":"2019-01-23T18:31:28","date_gmt":"2019-01-23T21:31:28","guid":{"rendered":"http:\/\/www.sudoestehoje.com.br\/novoportal\/?p=77819"},"modified":"2019-01-23T18:31:28","modified_gmt":"2019-01-23T21:31:28","slug":"trf-determina-volta-da-apreensao-de-veiculos-com-ipva-vencido-na-bahia","status":"publish","type":"post","link":"https:\/\/www.sudoestehoje.com.br\/novoportal\/2019\/01\/23\/trf-determina-volta-da-apreensao-de-veiculos-com-ipva-vencido-na-bahia\/","title":{"rendered":"TRF DETERMINA VOLTA DA APREENS\u00c3O DE VE\u00cdCULOS COM IPVA VENCIDO NA BAHIA"},"content":{"rendered":"<p><a href=\"http:\/\/www.sudoestehoje.com.br\/novoportal\/wp-content\/uploads\/2019\/01\/IPVA-VENCIDO.jpg\"><img loading=\"lazy\" decoding=\"async\" class=\"aligncenter size-medium wp-image-77820\" src=\"http:\/\/www.sudoestehoje.com.br\/novoportal\/wp-content\/uploads\/2019\/01\/IPVA-VENCIDO-500x235.jpg\" alt=\"\" width=\"500\" height=\"235\" srcset=\"https:\/\/www.sudoestehoje.com.br\/novoportal\/wp-content\/uploads\/2019\/01\/IPVA-VENCIDO-500x235.jpg 500w, https:\/\/www.sudoestehoje.com.br\/novoportal\/wp-content\/uploads\/2019\/01\/IPVA-VENCIDO-768x361.jpg 768w, https:\/\/www.sudoestehoje.com.br\/novoportal\/wp-content\/uploads\/2019\/01\/IPVA-VENCIDO-700x329.jpg 700w, https:\/\/www.sudoestehoje.com.br\/novoportal\/wp-content\/uploads\/2019\/01\/IPVA-VENCIDO.jpg 1600w\" sizes=\"auto, (max-width: 500px) 100vw, 500px\" \/><\/a><\/p>\n<p>O Tribunal Regional Federal da 1\u00aa Regi\u00e3o (TRF) acatou o pedido do Departamento Estadual de Tr\u00e2nsito da Bahia (Detran-BA) para\u00a0<a href=\"https:\/\/www.metro1.com.br\/noticias\/cidade\/64489,detran-ba-recorre-de-liminar-que-proibe-apreensao-de-veiculos-com-ipva-atrasado.html\">a suspens\u00e3o da liminar que proibia a vincula\u00e7\u00e3o do IPVA<\/a>\u00a0ao licenciamento anual, em territ\u00f3rio baiano.<\/p>\n<p>O desembargador Jirair Aram Meguerian, da 10\u00aa Vara Federal, proferiu decis\u00e3o favor\u00e1vel ao Detran, no \u00faltimo dia 15, para o cumprimento do que determina o C\u00f3digo de Tr\u00e2nsito Brasileiro (CTB) sobre o registro de autom\u00f3veis.<\/p>\n<p>Com a decis\u00e3o do TRF, o licenciamento de ve\u00edculos deve ser feito vinculando o pagamento da taxa do servi\u00e7o cobrada pelo Detran \u00e0 quita\u00e7\u00e3o do IPVA junto \u00e0 Secretaria da Fazenda do Estado (Sefaz), al\u00e9m do pagamento do seguro obrigat\u00f3rio DPVAT e multas, se houver.<\/p>\n<p>O ve\u00edculo que n\u00e3o estiver com todos os valores quitados ser\u00e1 autuado e removido da via.<\/p>\n","protected":false},"excerpt":{"rendered":"<p>O Tribunal Regional Federal da 1\u00aa Regi\u00e3o (TRF) acatou o pedido do Departamento Estadual de Tr\u00e2nsito da Bahia (Detran-BA) para\u00a0a suspens\u00e3o da liminar que proibia a vincula\u00e7\u00e3o do IPVA\u00a0ao licenciamento anual, em territ\u00f3rio baiano. O desembargador Jirair Aram Meguerian, da 10\u00aa Vara Federal, proferiu decis\u00e3o favor\u00e1vel ao Detran, no \u00faltimo dia 15, para o cumprimento [&hellip;]<\/p>\n","protected":false},"author":2,"featured_media":77820,"comment_status":"open","ping_status":"open","sticky":false,"template":"","format":"standard","meta":{"footnotes":"","_links_to":"","_links_to_target":""},"categories":[1],"tags":[],"class_list":["post-77819","post","type-post","status-publish","format-standard","has-post-thumbnail","hentry","category-geral"],"views":1035,"_links":{"self":[{"href":"https:\/\/www.sudoestehoje.com.br\/novoportal\/wp-json\/wp\/v2\/posts\/77819","targetHints":{"allow":["GET"]}}],"collection":[{"href":"https:\/\/www.sudoestehoje.com.br\/novoportal\/wp-json\/wp\/v2\/posts"}],"about":[{"href":"https:\/\/www.sudoestehoje.com.br\/novoportal\/wp-json\/wp\/v2\/types\/post"}],"author":[{"embeddable":true,"href":"https:\/\/www.sudoestehoje.com.br\/novoportal\/wp-json\/wp\/v2\/users\/2"}],"replies":[{"embeddable":true,"href":"https:\/\/www.sudoestehoje.com.br\/novoportal\/wp-json\/wp\/v2\/comments?post=77819"}],"version-history":[{"count":1,"href":"https:\/\/www.sudoestehoje.com.br\/novoportal\/wp-json\/wp\/v2\/posts\/77819\/revisions"}],"predecessor-version":[{"id":77821,"href":"https:\/\/www.sudoestehoje.com.br\/novoportal\/wp-json\/wp\/v2\/posts\/77819\/revisions\/77821"}],"wp:featuredmedia":[{"embeddable":true,"href":"https:\/\/www.sudoestehoje.com.br\/novoportal\/wp-json\/wp\/v2\/media\/77820"}],"wp:attachment":[{"href":"https:\/\/www.sudoestehoje.com.br\/novoportal\/wp-json\/wp\/v2\/media?parent=77819"}],"wp:term":[{"taxonomy":"category","embeddable":true,"href":"https:\/\/www.sudoestehoje.com.br\/novoportal\/wp-json\/wp\/v2\/categories?post=77819"},{"taxonomy":"post_tag","embeddable":true,"href":"https:\/\/www.sudoestehoje.com.br\/novoportal\/wp-json\/wp\/v2\/tags?post=77819"}],"curies":[{"name":"wp","href":"https:\/\/api.w.org\/{rel}","templated":true}]}}