
{"id":77805,"date":"2019-01-23T00:21:14","date_gmt":"2019-01-23T03:21:14","guid":{"rendered":"http:\/\/www.sudoestehoje.com.br\/novoportal\/?p=77805"},"modified":"2019-01-23T00:21:14","modified_gmt":"2019-01-23T03:21:14","slug":"tj-ba-volta-a-discutir-desativacao-de-comarcas-no-interior-do-estado","status":"publish","type":"post","link":"https:\/\/www.sudoestehoje.com.br\/novoportal\/2019\/01\/23\/tj-ba-volta-a-discutir-desativacao-de-comarcas-no-interior-do-estado\/","title":{"rendered":"TJ-BA VOLTA A DISCUTIR DESATIVA\u00c7\u00c3O DE COMARCAS NO INTERIOR DO ESTADO"},"content":{"rendered":"<p><a href=\"http:\/\/www.sudoestehoje.com.br\/novoportal\/wp-content\/uploads\/2019\/01\/TJBA.jpg\"><img loading=\"lazy\" decoding=\"async\" class=\"aligncenter size-medium wp-image-77806\" src=\"http:\/\/www.sudoestehoje.com.br\/novoportal\/wp-content\/uploads\/2019\/01\/TJBA-500x235.jpg\" alt=\"\" width=\"500\" height=\"235\" srcset=\"https:\/\/www.sudoestehoje.com.br\/novoportal\/wp-content\/uploads\/2019\/01\/TJBA-500x235.jpg 500w, https:\/\/www.sudoestehoje.com.br\/novoportal\/wp-content\/uploads\/2019\/01\/TJBA-768x361.jpg 768w, https:\/\/www.sudoestehoje.com.br\/novoportal\/wp-content\/uploads\/2019\/01\/TJBA-700x329.jpg 700w, https:\/\/www.sudoestehoje.com.br\/novoportal\/wp-content\/uploads\/2019\/01\/TJBA.jpg 1600w\" sizes=\"auto, (max-width: 500px) 100vw, 500px\" \/><\/a><\/p>\n<p>O Tribunal de Justi\u00e7a da Bahia (TJ-BA) retoma a discuss\u00e3o da desativa\u00e7\u00e3o de comarcas de entr\u00e2ncia inicial na quinta-feira (24). A discuss\u00e3o ocorrer\u00e1 na Comiss\u00e3o de Reforma Judici\u00e1ria, Administrativa e Regimento Interno. A proposta j\u00e1 havia sido pautada para uma sess\u00e3o que ocorreu no in\u00edcio de dezembro de 2018.<\/p>\n<p>O pedido de desativa\u00e7\u00e3o foi feito pelo pr\u00f3prio presidente do TJ, desembargador Gesivaldo Britto. Nos \u00faltimos cinco anos, j\u00e1 foram desativadas 75 comarcas. Atualmente, s\u00e3o 203 comarcas ativas.<\/p>\n<p>Para desativar uma comarca, \u00e9 preciso realiza\u00e7\u00e3o de um estudo pr\u00e9vio do impacto que causar\u00e1 para o tribunal.\u00a0A partir deste estudo, a Comiss\u00e3o aprova ou n\u00e3o a proposta. Se for aprovada na comiss\u00e3o, o texto \u00e9 levado para vota\u00e7\u00e3o dos desembargadores no Tribunal Pleno, que d\u00e1 a palavra final sobre a desativa\u00e7\u00e3o.<\/p>\n","protected":false},"excerpt":{"rendered":"<p>O Tribunal de Justi\u00e7a da Bahia (TJ-BA) retoma a discuss\u00e3o da desativa\u00e7\u00e3o de comarcas de entr\u00e2ncia inicial na quinta-feira (24). A discuss\u00e3o ocorrer\u00e1 na Comiss\u00e3o de Reforma Judici\u00e1ria, Administrativa e Regimento Interno. A proposta j\u00e1 havia sido pautada para uma sess\u00e3o que ocorreu no in\u00edcio de dezembro de 2018. O pedido de desativa\u00e7\u00e3o foi feito [&hellip;]<\/p>\n","protected":false},"author":2,"featured_media":77806,"comment_status":"open","ping_status":"open","sticky":false,"template":"","format":"standard","meta":{"footnotes":"","_links_to":"","_links_to_target":""},"categories":[1],"tags":[],"class_list":["post-77805","post","type-post","status-publish","format-standard","has-post-thumbnail","hentry","category-geral"],"views":956,"_links":{"self":[{"href":"https:\/\/www.sudoestehoje.com.br\/novoportal\/wp-json\/wp\/v2\/posts\/77805","targetHints":{"allow":["GET"]}}],"collection":[{"href":"https:\/\/www.sudoestehoje.com.br\/novoportal\/wp-json\/wp\/v2\/posts"}],"about":[{"href":"https:\/\/www.sudoestehoje.com.br\/novoportal\/wp-json\/wp\/v2\/types\/post"}],"author":[{"embeddable":true,"href":"https:\/\/www.sudoestehoje.com.br\/novoportal\/wp-json\/wp\/v2\/users\/2"}],"replies":[{"embeddable":true,"href":"https:\/\/www.sudoestehoje.com.br\/novoportal\/wp-json\/wp\/v2\/comments?post=77805"}],"version-history":[{"count":4,"href":"https:\/\/www.sudoestehoje.com.br\/novoportal\/wp-json\/wp\/v2\/posts\/77805\/revisions"}],"predecessor-version":[{"id":77810,"href":"https:\/\/www.sudoestehoje.com.br\/novoportal\/wp-json\/wp\/v2\/posts\/77805\/revisions\/77810"}],"wp:featuredmedia":[{"embeddable":true,"href":"https:\/\/www.sudoestehoje.com.br\/novoportal\/wp-json\/wp\/v2\/media\/77806"}],"wp:attachment":[{"href":"https:\/\/www.sudoestehoje.com.br\/novoportal\/wp-json\/wp\/v2\/media?parent=77805"}],"wp:term":[{"taxonomy":"category","embeddable":true,"href":"https:\/\/www.sudoestehoje.com.br\/novoportal\/wp-json\/wp\/v2\/categories?post=77805"},{"taxonomy":"post_tag","embeddable":true,"href":"https:\/\/www.sudoestehoje.com.br\/novoportal\/wp-json\/wp\/v2\/tags?post=77805"}],"curies":[{"name":"wp","href":"https:\/\/api.w.org\/{rel}","templated":true}]}}