
{"id":77757,"date":"2019-01-19T19:58:35","date_gmt":"2019-01-19T22:58:35","guid":{"rendered":"http:\/\/www.sudoestehoje.com.br\/novoportal\/?p=77757"},"modified":"2019-01-19T19:58:35","modified_gmt":"2019-01-19T22:58:35","slug":"uesb-emite-nota-pelo-falecimento-do-servidor-helder-francisco-ferreira","status":"publish","type":"post","link":"https:\/\/www.sudoestehoje.com.br\/novoportal\/2019\/01\/19\/uesb-emite-nota-pelo-falecimento-do-servidor-helder-francisco-ferreira\/","title":{"rendered":"UESB EMITE NOTA PELO FALECIMENTO DO SERVIDOR HELDER FRANCISCO FERREIRA"},"content":{"rendered":"<div class=\"col l8 offset-l2\">\n<h1><a href=\"http:\/\/www.sudoestehoje.com.br\/novoportal\/wp-content\/uploads\/2019\/01\/uesb-logo.jpg\"><img loading=\"lazy\" decoding=\"async\" class=\"aligncenter size-medium wp-image-77759\" src=\"http:\/\/www.sudoestehoje.com.br\/novoportal\/wp-content\/uploads\/2019\/01\/uesb-logo-500x292.jpg\" alt=\"\" width=\"500\" height=\"292\" srcset=\"https:\/\/www.sudoestehoje.com.br\/novoportal\/wp-content\/uploads\/2019\/01\/uesb-logo-500x292.jpg 500w, https:\/\/www.sudoestehoje.com.br\/novoportal\/wp-content\/uploads\/2019\/01\/uesb-logo.jpg 600w\" sizes=\"auto, (max-width: 500px) 100vw, 500px\" \/><\/a><\/h1>\n<h1 style=\"text-align: center;\">Nota de falecimento<\/h1>\n<\/div>\n<div class=\"col m8 offset-m2\">\n<p>\u00c9 com pesar que a Uesb informa o falecimento de H\u00e9lder Francisco Ferreira, analista universit\u00e1rio, zootecnista, lotado no Laborat\u00f3rio de Produ\u00e7\u00e3o de Semente desde 1998, no campus de Itapetinga. Por conta do falecimento, a Universidade decreta, por meio da\u00a0<a href=\"http:\/\/www2.uesb.br\/wp-content\/uploads\/2019\/01\/PORTARIA-N%C2%BA-0029.pdf\">Portaria 0029\/2019<\/a>, luto oficial por tr\u00eas dias, nos campi de Itapetinga, Jequi\u00e9 e Vit\u00f3ria da Conquista. O vel\u00f3rio acontece neste s\u00e1bado, 19,\u00a0 na cidade de Itapetinga, na Pax Perfei\u00e7\u00e3o, a partir das 23 horas.<\/p>\n<p>Neste momento de dor, a Uesb manifesta sua solidariedade aos familiares e amigos do servidor. <em>\/\/Ascom Uesb<\/em><\/p>\n<\/div>\n","protected":false},"excerpt":{"rendered":"<p>Nota de falecimento \u00c9 com pesar que a Uesb informa o falecimento de H\u00e9lder Francisco Ferreira, analista universit\u00e1rio, zootecnista, lotado no Laborat\u00f3rio de Produ\u00e7\u00e3o de Semente desde 1998, no campus de Itapetinga. Por conta do falecimento, a Universidade decreta, por meio da\u00a0Portaria 0029\/2019, luto oficial por tr\u00eas dias, nos campi de Itapetinga, Jequi\u00e9 e Vit\u00f3ria [&hellip;]<\/p>\n","protected":false},"author":2,"featured_media":77759,"comment_status":"open","ping_status":"open","sticky":false,"template":"","format":"standard","meta":{"footnotes":"","_links_to":"","_links_to_target":""},"categories":[1],"tags":[],"class_list":["post-77757","post","type-post","status-publish","format-standard","has-post-thumbnail","hentry","category-geral"],"views":1142,"_links":{"self":[{"href":"https:\/\/www.sudoestehoje.com.br\/novoportal\/wp-json\/wp\/v2\/posts\/77757","targetHints":{"allow":["GET"]}}],"collection":[{"href":"https:\/\/www.sudoestehoje.com.br\/novoportal\/wp-json\/wp\/v2\/posts"}],"about":[{"href":"https:\/\/www.sudoestehoje.com.br\/novoportal\/wp-json\/wp\/v2\/types\/post"}],"author":[{"embeddable":true,"href":"https:\/\/www.sudoestehoje.com.br\/novoportal\/wp-json\/wp\/v2\/users\/2"}],"replies":[{"embeddable":true,"href":"https:\/\/www.sudoestehoje.com.br\/novoportal\/wp-json\/wp\/v2\/comments?post=77757"}],"version-history":[{"count":2,"href":"https:\/\/www.sudoestehoje.com.br\/novoportal\/wp-json\/wp\/v2\/posts\/77757\/revisions"}],"predecessor-version":[{"id":77760,"href":"https:\/\/www.sudoestehoje.com.br\/novoportal\/wp-json\/wp\/v2\/posts\/77757\/revisions\/77760"}],"wp:featuredmedia":[{"embeddable":true,"href":"https:\/\/www.sudoestehoje.com.br\/novoportal\/wp-json\/wp\/v2\/media\/77759"}],"wp:attachment":[{"href":"https:\/\/www.sudoestehoje.com.br\/novoportal\/wp-json\/wp\/v2\/media?parent=77757"}],"wp:term":[{"taxonomy":"category","embeddable":true,"href":"https:\/\/www.sudoestehoje.com.br\/novoportal\/wp-json\/wp\/v2\/categories?post=77757"},{"taxonomy":"post_tag","embeddable":true,"href":"https:\/\/www.sudoestehoje.com.br\/novoportal\/wp-json\/wp\/v2\/tags?post=77757"}],"curies":[{"name":"wp","href":"https:\/\/api.w.org\/{rel}","templated":true}]}}