
{"id":77747,"date":"2019-01-19T18:35:00","date_gmt":"2019-01-19T21:35:00","guid":{"rendered":"http:\/\/www.sudoestehoje.com.br\/novoportal\/?p=77747"},"modified":"2019-01-19T19:24:00","modified_gmt":"2019-01-19T22:24:00","slug":"itapetinga-colegio-da-rede-estadual-esta-sendo-desativado-na-surdina-pela-nte-08","status":"publish","type":"post","link":"https:\/\/www.sudoestehoje.com.br\/novoportal\/2019\/01\/19\/itapetinga-colegio-da-rede-estadual-esta-sendo-desativado-na-surdina-pela-nte-08\/","title":{"rendered":"ITAPETINGA: COL\u00c9GIO DA REDE ESTADUAL EST\u00c1 SENDO DESATIVADO NA SURDINA PELA NTE-08"},"content":{"rendered":"<p><a href=\"http:\/\/www.sudoestehoje.com.br\/novoportal\/wp-content\/uploads\/2019\/01\/GIN\u00c1SIO-INDUSTRIAL-FECHADO.jpg\"><img loading=\"lazy\" decoding=\"async\" class=\"aligncenter size-medium wp-image-77749\" src=\"http:\/\/www.sudoestehoje.com.br\/novoportal\/wp-content\/uploads\/2019\/01\/GIN\u00c1SIO-INDUSTRIAL-FECHADO-500x281.jpg\" alt=\"\" width=\"500\" height=\"281\" srcset=\"https:\/\/www.sudoestehoje.com.br\/novoportal\/wp-content\/uploads\/2019\/01\/GIN\u00c1SIO-INDUSTRIAL-FECHADO-500x281.jpg 500w, https:\/\/www.sudoestehoje.com.br\/novoportal\/wp-content\/uploads\/2019\/01\/GIN\u00c1SIO-INDUSTRIAL-FECHADO-768x432.jpg 768w, https:\/\/www.sudoestehoje.com.br\/novoportal\/wp-content\/uploads\/2019\/01\/GIN\u00c1SIO-INDUSTRIAL-FECHADO-700x394.jpg 700w, https:\/\/www.sudoestehoje.com.br\/novoportal\/wp-content\/uploads\/2019\/01\/GIN\u00c1SIO-INDUSTRIAL-FECHADO.jpg 960w\" sizes=\"auto, (max-width: 500px) 100vw, 500px\" \/><\/a><\/p>\n<p>Um dos mais tradicionais e antigos col\u00e9gios da rede estadual de ensino em Itapetinga, o Gin\u00e1sio Agro Industrial, est\u00e1 em processo de desativa\u00e7\u00e3o pelo N\u00facleo Territorial de Educa\u00e7\u00e3o &#8211; NTE 08, na SURDINA, sem qualquer informa\u00e7\u00e3o ou discuss\u00e3o com alunos, professores e popula\u00e7\u00e3o do munic\u00edpio.<\/p>\n<p>A determina\u00e7\u00e3o para fechar a escola veio da Secretaria Estadual de Educa\u00e7\u00e3o, mas os dirigentes da NTE-08 v\u00eam escondendo a m\u00e1 not\u00edcia, com receio de se desgastarem politicamente, j\u00e1 que possuem interesses eleitorais e n\u00e3o sabem como lidar com essa verdadeira bomba nas suas m\u00e3os.<\/p>\n<p>No comando da NTE-08 (antiga Direc), est\u00e3o o ex vice-prefeito Al\u00e9cio Chaves e a atual presidente do PT no munic\u00edpio, Sibele Nery, nomeados para os cargos de Coordenador e sub-Coordenadora, por indica\u00e7\u00e3o do deputado estadual Rosemberg Pinto.<\/p>\n<p>O Sudoeste Hoje vem tentando, via Whatsapp, contato com o coordenador Al\u00e9cio Chaves, sem obter nenhuma resposta sobre a situa\u00e7\u00e3o da escola. <strong><em>Veja mensagem postada pelo editor deste blog em 14.01.2019:<\/em><\/strong><\/p>\n<p><a href=\"http:\/\/www.sudoestehoje.com.br\/novoportal\/wp-content\/uploads\/2019\/01\/zap-al\u00e9cio.jpg\"><img loading=\"lazy\" decoding=\"async\" class=\"aligncenter size-medium wp-image-77750\" src=\"http:\/\/www.sudoestehoje.com.br\/novoportal\/wp-content\/uploads\/2019\/01\/zap-al\u00e9cio-394x700.jpg\" alt=\"\" width=\"394\" height=\"700\" srcset=\"https:\/\/www.sudoestehoje.com.br\/novoportal\/wp-content\/uploads\/2019\/01\/zap-al\u00e9cio-394x700.jpg 394w, https:\/\/www.sudoestehoje.com.br\/novoportal\/wp-content\/uploads\/2019\/01\/zap-al\u00e9cio-506x900.jpg 506w, https:\/\/www.sudoestehoje.com.br\/novoportal\/wp-content\/uploads\/2019\/01\/zap-al\u00e9cio.jpg 540w\" sizes=\"auto, (max-width: 394px) 100vw, 394px\" \/><\/a><\/p>\n<p>O que h\u00e1 de concreto e oficial sobre a situa\u00e7\u00e3o do tradicional col\u00e9gio \u00e9 que as matr\u00edculas nas outras escolas da rede estadual j\u00e1 iniciaram, menos no Industrial, que &#8216;respira por aparelhos&#8217;.<\/p>\n<p>Enquanto os meninos de Rosemberg se escondem no <em>bunker<\/em> da Direc com medo de desgaste pol\u00edtico, a comunidade escolar do Gin\u00e1sio Agro Industrial,\u00a0fundado h\u00e1 mais de 50 anos, e toda a popula\u00e7\u00e3o de Itapetinga, esperam uma explica\u00e7\u00e3o.<\/p>\n<p>APLB governista tamb\u00e9m se calou.<\/p>\n<p><strong><em>Por Davi Ferraz<\/em><\/strong><\/p>\n","protected":false},"excerpt":{"rendered":"<p>Um dos mais tradicionais e antigos col\u00e9gios da rede estadual de ensino em Itapetinga, o Gin\u00e1sio Agro Industrial, est\u00e1 em processo de desativa\u00e7\u00e3o pelo N\u00facleo Territorial de Educa\u00e7\u00e3o &#8211; NTE 08, na SURDINA, sem qualquer informa\u00e7\u00e3o ou discuss\u00e3o com alunos, professores e popula\u00e7\u00e3o do munic\u00edpio. A determina\u00e7\u00e3o para fechar a escola veio da Secretaria Estadual [&hellip;]<\/p>\n","protected":false},"author":2,"featured_media":77749,"comment_status":"open","ping_status":"open","sticky":false,"template":"","format":"standard","meta":{"footnotes":"","_links_to":"","_links_to_target":""},"categories":[1],"tags":[],"class_list":["post-77747","post","type-post","status-publish","format-standard","has-post-thumbnail","hentry","category-geral"],"views":2436,"_links":{"self":[{"href":"https:\/\/www.sudoestehoje.com.br\/novoportal\/wp-json\/wp\/v2\/posts\/77747","targetHints":{"allow":["GET"]}}],"collection":[{"href":"https:\/\/www.sudoestehoje.com.br\/novoportal\/wp-json\/wp\/v2\/posts"}],"about":[{"href":"https:\/\/www.sudoestehoje.com.br\/novoportal\/wp-json\/wp\/v2\/types\/post"}],"author":[{"embeddable":true,"href":"https:\/\/www.sudoestehoje.com.br\/novoportal\/wp-json\/wp\/v2\/users\/2"}],"replies":[{"embeddable":true,"href":"https:\/\/www.sudoestehoje.com.br\/novoportal\/wp-json\/wp\/v2\/comments?post=77747"}],"version-history":[{"count":4,"href":"https:\/\/www.sudoestehoje.com.br\/novoportal\/wp-json\/wp\/v2\/posts\/77747\/revisions"}],"predecessor-version":[{"id":77756,"href":"https:\/\/www.sudoestehoje.com.br\/novoportal\/wp-json\/wp\/v2\/posts\/77747\/revisions\/77756"}],"wp:featuredmedia":[{"embeddable":true,"href":"https:\/\/www.sudoestehoje.com.br\/novoportal\/wp-json\/wp\/v2\/media\/77749"}],"wp:attachment":[{"href":"https:\/\/www.sudoestehoje.com.br\/novoportal\/wp-json\/wp\/v2\/media?parent=77747"}],"wp:term":[{"taxonomy":"category","embeddable":true,"href":"https:\/\/www.sudoestehoje.com.br\/novoportal\/wp-json\/wp\/v2\/categories?post=77747"},{"taxonomy":"post_tag","embeddable":true,"href":"https:\/\/www.sudoestehoje.com.br\/novoportal\/wp-json\/wp\/v2\/tags?post=77747"}],"curies":[{"name":"wp","href":"https:\/\/api.w.org\/{rel}","templated":true}]}}