
{"id":77736,"date":"2019-01-18T23:30:48","date_gmt":"2019-01-19T02:30:48","guid":{"rendered":"http:\/\/www.sudoestehoje.com.br\/novoportal\/?p=77736"},"modified":"2019-01-18T23:30:48","modified_gmt":"2019-01-19T02:30:48","slug":"seguro-desemprego-e-reajustado-em-343","status":"publish","type":"post","link":"https:\/\/www.sudoestehoje.com.br\/novoportal\/2019\/01\/18\/seguro-desemprego-e-reajustado-em-343\/","title":{"rendered":"SEGURO-DESEMPREGO \u00c9 REAJUSTADO EM 3,43%"},"content":{"rendered":"<p><a href=\"http:\/\/www.sudoestehoje.com.br\/novoportal\/wp-content\/uploads\/2019\/01\/seguro-desemprego-1000x530.jpg\"><img loading=\"lazy\" decoding=\"async\" class=\"aligncenter size-medium wp-image-77738\" src=\"http:\/\/www.sudoestehoje.com.br\/novoportal\/wp-content\/uploads\/2019\/01\/seguro-desemprego-1000x530-500x265.jpg\" alt=\"\" width=\"500\" height=\"265\" srcset=\"https:\/\/www.sudoestehoje.com.br\/novoportal\/wp-content\/uploads\/2019\/01\/seguro-desemprego-1000x530-500x265.jpg 500w, https:\/\/www.sudoestehoje.com.br\/novoportal\/wp-content\/uploads\/2019\/01\/seguro-desemprego-1000x530-768x407.jpg 768w, https:\/\/www.sudoestehoje.com.br\/novoportal\/wp-content\/uploads\/2019\/01\/seguro-desemprego-1000x530-700x371.jpg 700w, https:\/\/www.sudoestehoje.com.br\/novoportal\/wp-content\/uploads\/2019\/01\/seguro-desemprego-1000x530.jpg 1000w\" sizes=\"auto, (max-width: 500px) 100vw, 500px\" \/><\/a><\/p>\n<p>O empregado demitido sem justa causa ter\u00e1 o seguro-desemprego corrigido em 3,43%, correspondente \u00e0 infla\u00e7\u00e3o do \u00cdndice Nacional de Pre\u00e7os ao Consumidor (INPC) no ano passado, informou hoje (18) o Minist\u00e9rio da Economia.<\/p>\n<p>A parcela m\u00e1xima passar\u00e1 de R$ 1.677,74 para R$ 1.735,29. A m\u00ednima, que acompanha o valor do sal\u00e1rio m\u00ednimo, foi reajustada de R$ 954 para R$ 998. Os novos valores ser\u00e3o pagos para as parcelas emitidas a partir de 11 de janeiro e para os novos benef\u00edcios.<\/p>\n<p>Atualmente, o trabalhador dispensado sem justa causa pode receber de tr\u00eas a cinco parcelas do seguro-desemprego conforme o tempo trabalhado e o n\u00famero de pedidos do benef\u00edcio. A parcela \u00e9 calculada com base na m\u00e9dia das tr\u00eas \u00faltimas remunera\u00e7\u00f5es do trabalhador antes da demiss\u00e3o. Caso o trabalhador tenha ficado menos que tr\u00eas meses no emprego, o c\u00e1lculo segue a m\u00e9dia do sal\u00e1rio em dois meses ou em apenas um m\u00eas, dependendo do caso.<\/p>\n<p>Quem ganhava mais que R$ 2.551,96 recebe o valor m\u00e1ximo de R$ 1.735,29. Quem ganha at\u00e9 R$ 1.531,02 tem direito a 80% do sal\u00e1rio m\u00e9dio ou ao sal\u00e1rio m\u00ednimo, prevalecendo o maior valor. Para remunera\u00e7\u00f5es de R$ 1.531,03 a R$ 2.551,96, o seguro-desemprego corresponde a R$ 1.224,82 mais 50% do que exceder R$ 1.531,02.<\/p>\n<p>O benefici\u00e1rio n\u00e3o pode exercer atividade remunerada, informal ou formal, enquanto recebe o seguro. O trabalhador \u00e9 obrigado a devolver as parcelas recebidas indevidamente, caso saque o benef\u00edcio e tenha alguma ocupa\u00e7\u00e3o.<\/p>\n","protected":false},"excerpt":{"rendered":"<p>O empregado demitido sem justa causa ter\u00e1 o seguro-desemprego corrigido em 3,43%, correspondente \u00e0 infla\u00e7\u00e3o do \u00cdndice Nacional de Pre\u00e7os ao Consumidor (INPC) no ano passado, informou hoje (18) o Minist\u00e9rio da Economia. A parcela m\u00e1xima passar\u00e1 de R$ 1.677,74 para R$ 1.735,29. A m\u00ednima, que acompanha o valor do sal\u00e1rio m\u00ednimo, foi reajustada de [&hellip;]<\/p>\n","protected":false},"author":2,"featured_media":77738,"comment_status":"open","ping_status":"open","sticky":false,"template":"","format":"standard","meta":{"footnotes":"","_links_to":"","_links_to_target":""},"categories":[1],"tags":[],"class_list":["post-77736","post","type-post","status-publish","format-standard","has-post-thumbnail","hentry","category-geral"],"views":1023,"_links":{"self":[{"href":"https:\/\/www.sudoestehoje.com.br\/novoportal\/wp-json\/wp\/v2\/posts\/77736","targetHints":{"allow":["GET"]}}],"collection":[{"href":"https:\/\/www.sudoestehoje.com.br\/novoportal\/wp-json\/wp\/v2\/posts"}],"about":[{"href":"https:\/\/www.sudoestehoje.com.br\/novoportal\/wp-json\/wp\/v2\/types\/post"}],"author":[{"embeddable":true,"href":"https:\/\/www.sudoestehoje.com.br\/novoportal\/wp-json\/wp\/v2\/users\/2"}],"replies":[{"embeddable":true,"href":"https:\/\/www.sudoestehoje.com.br\/novoportal\/wp-json\/wp\/v2\/comments?post=77736"}],"version-history":[{"count":2,"href":"https:\/\/www.sudoestehoje.com.br\/novoportal\/wp-json\/wp\/v2\/posts\/77736\/revisions"}],"predecessor-version":[{"id":77739,"href":"https:\/\/www.sudoestehoje.com.br\/novoportal\/wp-json\/wp\/v2\/posts\/77736\/revisions\/77739"}],"wp:featuredmedia":[{"embeddable":true,"href":"https:\/\/www.sudoestehoje.com.br\/novoportal\/wp-json\/wp\/v2\/media\/77738"}],"wp:attachment":[{"href":"https:\/\/www.sudoestehoje.com.br\/novoportal\/wp-json\/wp\/v2\/media?parent=77736"}],"wp:term":[{"taxonomy":"category","embeddable":true,"href":"https:\/\/www.sudoestehoje.com.br\/novoportal\/wp-json\/wp\/v2\/categories?post=77736"},{"taxonomy":"post_tag","embeddable":true,"href":"https:\/\/www.sudoestehoje.com.br\/novoportal\/wp-json\/wp\/v2\/tags?post=77736"}],"curies":[{"name":"wp","href":"https:\/\/api.w.org\/{rel}","templated":true}]}}