
{"id":77710,"date":"2019-01-16T22:01:21","date_gmt":"2019-01-17T01:01:21","guid":{"rendered":"http:\/\/www.sudoestehoje.com.br\/novoportal\/?p=77710"},"modified":"2019-01-20T11:02:33","modified_gmt":"2019-01-20T14:02:33","slug":"oposicao-em-macarani-sem-opcao-para-disputar-prefeitura-em-2020-2","status":"publish","type":"post","link":"https:\/\/www.sudoestehoje.com.br\/novoportal\/2019\/01\/16\/oposicao-em-macarani-sem-opcao-para-disputar-prefeitura-em-2020-2\/","title":{"rendered":"OPOSI\u00c7\u00c3O EM MACARANI SEM OP\u00c7\u00c3O PARA DISPUTAR PREFEITURA EM 2020"},"content":{"rendered":"<p><a href=\"http:\/\/www.sudoestehoje.com.br\/novoportal\/wp-content\/uploads\/2019\/01\/armando-e-nogueira.jpg\"><img loading=\"lazy\" decoding=\"async\" class=\"aligncenter size-full wp-image-77706\" src=\"http:\/\/www.sudoestehoje.com.br\/novoportal\/wp-content\/uploads\/2019\/01\/armando-e-nogueira.jpg\" alt=\"\" width=\"480\" height=\"360\" \/><\/a><\/p>\n<p>Com as elei\u00e7\u00f5es municipais se aproximando, os grupos de oposi\u00e7\u00e3o ao prefeito Miller Ferraz em Macarani vivem um drama dif\u00edcil de ser resolvido: n\u00e3o t\u00eam um nome de peso para a disputa pela prefeitura em 2020.<\/p>\n<p>Cotado como op\u00e7\u00e3o vi\u00e1vel, o empres\u00e1rio Zeneudo Matos (PSD) vem se esquivando em disputar o pleito \u201cpor raz\u00f5es pessoais\u201d . Sua sa\u00edda da disputa \u00e9 quase certa e pode deixar a oposi\u00e7\u00e3o a ver navios.<\/p>\n<p>Os antigos l\u00edderes Nogueira e Armando Porto n\u00e3o t\u00eam quaisquer possibilidades de concorrerem, seja por impedimentos ou raz\u00f5es pessoais, sem falar que n\u00e3o se suportam, o que dificulta uma uni\u00e3o. Sem falar do desgaste que acumularam em seus \u00faltimos mandatos como prefeitos do munic\u00edpio e das \u00faltimas derrotas eleitorais.<\/p>\n<p>Pelo quadro atual, restou como op\u00e7\u00e3o o vereador Glauber Costa (PP), que tem boa atua\u00e7\u00e3o na C\u00e2mara Municipal e na m\u00eddia, mas que \u00e9 apenas um iniciante sem lideran\u00e7a sobre os coron\u00e9is locais, e deve concorrer mesmo a mais um mandato no legislativo.<\/p>\n<p>Pelo andar da carruagem, o prefeito Miller Ferraz se reelege em 2020, apesar das dificuldades que enfrenta em sua gest\u00e3o, o que j\u00e1 foi sinalizado na elei\u00e7\u00e3o de outubro passado, quando seus candidatos a deputado venceram sem dificuldades os da oposi\u00e7\u00e3o.<\/p>\n<p><strong><em>Por Davi Ferraz<\/em><\/strong><\/p>\n","protected":false},"excerpt":{"rendered":"<p>Com as elei\u00e7\u00f5es municipais se aproximando, os grupos de oposi\u00e7\u00e3o ao prefeito Miller Ferraz em Macarani vivem um drama dif\u00edcil de ser resolvido: n\u00e3o t\u00eam um nome de peso para a disputa pela prefeitura em 2020. Cotado como op\u00e7\u00e3o vi\u00e1vel, o empres\u00e1rio Zeneudo Matos (PSD) vem se esquivando em disputar o pleito \u201cpor raz\u00f5es pessoais\u201d [&hellip;]<\/p>\n","protected":false},"author":2,"featured_media":77706,"comment_status":"open","ping_status":"open","sticky":false,"template":"","format":"standard","meta":{"footnotes":"","_links_to":"","_links_to_target":""},"categories":[1],"tags":[],"class_list":["post-77710","post","type-post","status-publish","format-standard","has-post-thumbnail","hentry","category-geral"],"views":1551,"_links":{"self":[{"href":"https:\/\/www.sudoestehoje.com.br\/novoportal\/wp-json\/wp\/v2\/posts\/77710","targetHints":{"allow":["GET"]}}],"collection":[{"href":"https:\/\/www.sudoestehoje.com.br\/novoportal\/wp-json\/wp\/v2\/posts"}],"about":[{"href":"https:\/\/www.sudoestehoje.com.br\/novoportal\/wp-json\/wp\/v2\/types\/post"}],"author":[{"embeddable":true,"href":"https:\/\/www.sudoestehoje.com.br\/novoportal\/wp-json\/wp\/v2\/users\/2"}],"replies":[{"embeddable":true,"href":"https:\/\/www.sudoestehoje.com.br\/novoportal\/wp-json\/wp\/v2\/comments?post=77710"}],"version-history":[{"count":4,"href":"https:\/\/www.sudoestehoje.com.br\/novoportal\/wp-json\/wp\/v2\/posts\/77710\/revisions"}],"predecessor-version":[{"id":77761,"href":"https:\/\/www.sudoestehoje.com.br\/novoportal\/wp-json\/wp\/v2\/posts\/77710\/revisions\/77761"}],"wp:featuredmedia":[{"embeddable":true,"href":"https:\/\/www.sudoestehoje.com.br\/novoportal\/wp-json\/wp\/v2\/media\/77706"}],"wp:attachment":[{"href":"https:\/\/www.sudoestehoje.com.br\/novoportal\/wp-json\/wp\/v2\/media?parent=77710"}],"wp:term":[{"taxonomy":"category","embeddable":true,"href":"https:\/\/www.sudoestehoje.com.br\/novoportal\/wp-json\/wp\/v2\/categories?post=77710"},{"taxonomy":"post_tag","embeddable":true,"href":"https:\/\/www.sudoestehoje.com.br\/novoportal\/wp-json\/wp\/v2\/tags?post=77710"}],"curies":[{"name":"wp","href":"https:\/\/api.w.org\/{rel}","templated":true}]}}