
{"id":77702,"date":"2019-01-15T21:56:23","date_gmt":"2019-01-16T00:56:23","guid":{"rendered":"http:\/\/www.sudoestehoje.com.br\/novoportal\/?p=77702"},"modified":"2019-01-15T21:56:23","modified_gmt":"2019-01-16T00:56:23","slug":"antonio-brito-debate-crise-das-santas-casas-com-o-ministro-da-saude","status":"publish","type":"post","link":"https:\/\/www.sudoestehoje.com.br\/novoportal\/2019\/01\/15\/antonio-brito-debate-crise-das-santas-casas-com-o-ministro-da-saude\/","title":{"rendered":"ANT\u00d4NIO BRITO DEBATE CRISE DAS SANTAS CASAS COM O MINISTRO DA SA\u00daDE"},"content":{"rendered":"<p><a href=\"http:\/\/www.sudoestehoje.com.br\/novoportal\/wp-content\/uploads\/2019\/01\/BRITO-E-MINISTRO.jpg\"><img loading=\"lazy\" decoding=\"async\" class=\"aligncenter size-medium wp-image-77703\" src=\"http:\/\/www.sudoestehoje.com.br\/novoportal\/wp-content\/uploads\/2019\/01\/BRITO-E-MINISTRO-500x375.jpg\" alt=\"\" width=\"500\" height=\"375\" srcset=\"https:\/\/www.sudoestehoje.com.br\/novoportal\/wp-content\/uploads\/2019\/01\/BRITO-E-MINISTRO-500x375.jpg 500w, https:\/\/www.sudoestehoje.com.br\/novoportal\/wp-content\/uploads\/2019\/01\/BRITO-E-MINISTRO-768x576.jpg 768w, https:\/\/www.sudoestehoje.com.br\/novoportal\/wp-content\/uploads\/2019\/01\/BRITO-E-MINISTRO-700x525.jpg 700w, https:\/\/www.sudoestehoje.com.br\/novoportal\/wp-content\/uploads\/2019\/01\/BRITO-E-MINISTRO.jpg 944w\" sizes=\"auto, (max-width: 500px) 100vw, 500px\" \/><\/a><br \/>\nO ministro da Sa\u00fade, Luiz Henrique Mandetta, recebeu, na tarde de hoje (15), o presidente da Frente parlamentar de Apoio \u00e0s Santas Casas e Hospitais e Entidades Filantr\u00f3picas, deputado federal Antonio Brito, para debater solu\u00e7\u00f5es para superar a crise enfrentada pelo setor.<\/p>\n<p>No encontro, Antonio Brito apresentou a pauta das cerca de 2.100 entidades em todo o pa\u00eds, que respondem por mais da metade dos atendimentos pelo SUS, e que hoje acumulam d\u00edvidas que chegam a R$ 23 bilh\u00f5es.<\/p>\n<p>Conhecedor do tema, o ministro Mandetta refor\u00e7ou o seu discurso de posse, em que assegurou empenho na articula\u00e7\u00e3o de estrat\u00e9gias junto a Confedera\u00e7\u00e3o das Santas Casas (CMB) e a Frente Parlamentar, de modo a reduzir o subfinanciamento do setor e salvar estas entidades no mais breve espa\u00e7o de tempo.<\/p>\n<p>Tamb\u00e9m participaram do encontro o presidente da CMB, Edson Rogatti e o secret\u00e1rio de Aten\u00e7\u00e3o a Sa\u00fade (SAS\/MS), Francisco de Assis Figueiredo. <em>\/\/Ascom\u00a0<\/em><\/p>\n","protected":false},"excerpt":{"rendered":"<p>O ministro da Sa\u00fade, Luiz Henrique Mandetta, recebeu, na tarde de hoje (15), o presidente da Frente parlamentar de Apoio \u00e0s Santas Casas e Hospitais e Entidades Filantr\u00f3picas, deputado federal Antonio Brito, para debater solu\u00e7\u00f5es para superar a crise enfrentada pelo setor. No encontro, Antonio Brito apresentou a pauta das cerca de 2.100 entidades em [&hellip;]<\/p>\n","protected":false},"author":2,"featured_media":77703,"comment_status":"open","ping_status":"open","sticky":false,"template":"","format":"standard","meta":{"footnotes":"","_links_to":"","_links_to_target":""},"categories":[1],"tags":[],"class_list":["post-77702","post","type-post","status-publish","format-standard","has-post-thumbnail","hentry","category-geral"],"views":988,"_links":{"self":[{"href":"https:\/\/www.sudoestehoje.com.br\/novoportal\/wp-json\/wp\/v2\/posts\/77702","targetHints":{"allow":["GET"]}}],"collection":[{"href":"https:\/\/www.sudoestehoje.com.br\/novoportal\/wp-json\/wp\/v2\/posts"}],"about":[{"href":"https:\/\/www.sudoestehoje.com.br\/novoportal\/wp-json\/wp\/v2\/types\/post"}],"author":[{"embeddable":true,"href":"https:\/\/www.sudoestehoje.com.br\/novoportal\/wp-json\/wp\/v2\/users\/2"}],"replies":[{"embeddable":true,"href":"https:\/\/www.sudoestehoje.com.br\/novoportal\/wp-json\/wp\/v2\/comments?post=77702"}],"version-history":[{"count":1,"href":"https:\/\/www.sudoestehoje.com.br\/novoportal\/wp-json\/wp\/v2\/posts\/77702\/revisions"}],"predecessor-version":[{"id":77704,"href":"https:\/\/www.sudoestehoje.com.br\/novoportal\/wp-json\/wp\/v2\/posts\/77702\/revisions\/77704"}],"wp:featuredmedia":[{"embeddable":true,"href":"https:\/\/www.sudoestehoje.com.br\/novoportal\/wp-json\/wp\/v2\/media\/77703"}],"wp:attachment":[{"href":"https:\/\/www.sudoestehoje.com.br\/novoportal\/wp-json\/wp\/v2\/media?parent=77702"}],"wp:term":[{"taxonomy":"category","embeddable":true,"href":"https:\/\/www.sudoestehoje.com.br\/novoportal\/wp-json\/wp\/v2\/categories?post=77702"},{"taxonomy":"post_tag","embeddable":true,"href":"https:\/\/www.sudoestehoje.com.br\/novoportal\/wp-json\/wp\/v2\/tags?post=77702"}],"curies":[{"name":"wp","href":"https:\/\/api.w.org\/{rel}","templated":true}]}}