
{"id":77696,"date":"2019-01-15T19:59:43","date_gmt":"2019-01-15T22:59:43","guid":{"rendered":"http:\/\/www.sudoestehoje.com.br\/novoportal\/?p=77696"},"modified":"2019-01-15T19:59:43","modified_gmt":"2019-01-15T22:59:43","slug":"caminhao-capota-na-br-101-e-mata-mae-e-filho-de-quatro-anos-pai-sobreviveu","status":"publish","type":"post","link":"https:\/\/www.sudoestehoje.com.br\/novoportal\/2019\/01\/15\/caminhao-capota-na-br-101-e-mata-mae-e-filho-de-quatro-anos-pai-sobreviveu\/","title":{"rendered":"CAMINH\u00c3O CAPOTA NA BR-101 E MATA M\u00c3E E FILHO DE QUATRO ANOS; PAI SOBREVIVEU"},"content":{"rendered":"<h1 class=\"content-head__title\"><a href=\"http:\/\/www.sudoestehoje.com.br\/novoportal\/wp-content\/uploads\/2019\/01\/acidente-mae-filho-obito-br101_2019115101839192-580x435.jpg\"><img loading=\"lazy\" decoding=\"async\" class=\"aligncenter size-medium wp-image-77698\" src=\"http:\/\/www.sudoestehoje.com.br\/novoportal\/wp-content\/uploads\/2019\/01\/acidente-mae-filho-obito-br101_2019115101839192-580x435-500x375.jpg\" alt=\"\" width=\"500\" height=\"375\" srcset=\"https:\/\/www.sudoestehoje.com.br\/novoportal\/wp-content\/uploads\/2019\/01\/acidente-mae-filho-obito-br101_2019115101839192-580x435-500x375.jpg 500w, https:\/\/www.sudoestehoje.com.br\/novoportal\/wp-content\/uploads\/2019\/01\/acidente-mae-filho-obito-br101_2019115101839192-580x435.jpg 580w\" sizes=\"auto, (max-width: 500px) 100vw, 500px\" \/><\/a><\/h1>\n<div class=\"mc-column content-text active-extra-styles active-capital-letter\" data-block-type=\"unstyled\" data-block-weight=\"50\" data-block-id=\"2\">\n<p class=\"content-text__container theme-color-primary-first-letter\" data-track-category=\"Link no Texto\" data-track-links=\"\">Uma mulher de 36 anos e o filho dela, de quatro, morreram ap\u00f3s o caminh\u00e3o em que estavam capotar na BR-101, na altura da cidade de Ibirapitanga, regi\u00e3o sul da Bahia. O motorista do ve\u00edculo, que \u00e9 companheiro da mulher de 36 anos e pai da crian\u00e7a, n\u00e3o teve ferimentos.<\/p>\n<\/div>\n<div class=\"wall protected-content\">\n<div class=\"mc-column content-text active-extra-styles \" data-block-type=\"unstyled\" data-block-weight=\"28\" data-block-id=\"3\">\n<p class=\"content-text__container \" data-track-category=\"Link no Texto\" data-track-links=\"\">De acordo com a Pol\u00edcia Rodovi\u00e1ria Federal (PRF), as v\u00edtimas foram identificadas como C\u00e1tia Manuela Passos e Jackson Oliveira. O motorista foi identificado como Giosvaldo Silva, 41 anos.<\/p>\n<\/div>\n<div class=\"mc-column content-text active-extra-styles \" data-block-type=\"unstyled\" data-block-weight=\"21\" data-block-id=\"4\">\n<p class=\"content-text__container \" data-track-category=\"Link no Texto\" data-track-links=\"\">Segundo a PRF, o caminh\u00e3o trafegava na via, quando um dos pneus estourou, na altura do KM-397, fazendo o ve\u00edculo capotar.<\/p>\n<\/div>\n<div class=\"mc-column content-text active-extra-styles \" data-block-type=\"unstyled\" data-block-weight=\"41\" data-block-id=\"5\">\n<p class=\"content-text__container \" data-track-category=\"Link no Texto\" data-track-links=\"\">C\u00e1tia e Jackson, que eram de Jacobina, na regi\u00e3o norte, morreram no local. Os corpos das v\u00edtimas foram levados para Instituto M\u00e9dico Legal (IML) de Ilh\u00e9us, na mesma regi\u00e3o. Como o motorista n\u00e3o teve ferimentos, ele n\u00e3o precisou de atendimento m\u00e9dico.<\/p>\n<\/div>\n<div class=\"mc-column content-text active-extra-styles \" data-block-type=\"unstyled\" data-block-weight=\"16\" data-block-id=\"6\">\n<p class=\"content-text__container \" data-track-category=\"Link no Texto\" data-track-links=\"\">A via ficou interditada por cerca de 40 minutos, porque o caminh\u00e3o ficou atravessado na pista.<\/p>\n<\/div>\n<div data-track-category=\"multicontent\" data-track-action=\"ultimo chunk conteudo\" data-track-noninteraction=\"false\" data-track-scroll=\"view\">\n<div class=\"mc-column content-text active-extra-styles \" data-block-type=\"unstyled\" data-block-weight=\"26\" data-block-id=\"7\">\n<p class=\"content-text__container \" data-track-category=\"Link no Texto\" data-track-links=\"\">Segundo informa\u00e7\u00f5es da PRF, o ve\u00edculo saiu de Feira de Santana, cidade a cerca de 100 km de Salvador, e seguia para Itabuna, na regi\u00e3o sul.<\/p>\n<\/div>\n<\/div>\n<\/div>\n","protected":false},"excerpt":{"rendered":"<p>Uma mulher de 36 anos e o filho dela, de quatro, morreram ap\u00f3s o caminh\u00e3o em que estavam capotar na BR-101, na altura da cidade de Ibirapitanga, regi\u00e3o sul da Bahia. O motorista do ve\u00edculo, que \u00e9 companheiro da mulher de 36 anos e pai da crian\u00e7a, n\u00e3o teve ferimentos. De acordo com a Pol\u00edcia [&hellip;]<\/p>\n","protected":false},"author":2,"featured_media":77698,"comment_status":"open","ping_status":"open","sticky":false,"template":"","format":"standard","meta":{"footnotes":"","_links_to":"","_links_to_target":""},"categories":[1],"tags":[],"class_list":["post-77696","post","type-post","status-publish","format-standard","has-post-thumbnail","hentry","category-geral"],"views":1134,"_links":{"self":[{"href":"https:\/\/www.sudoestehoje.com.br\/novoportal\/wp-json\/wp\/v2\/posts\/77696","targetHints":{"allow":["GET"]}}],"collection":[{"href":"https:\/\/www.sudoestehoje.com.br\/novoportal\/wp-json\/wp\/v2\/posts"}],"about":[{"href":"https:\/\/www.sudoestehoje.com.br\/novoportal\/wp-json\/wp\/v2\/types\/post"}],"author":[{"embeddable":true,"href":"https:\/\/www.sudoestehoje.com.br\/novoportal\/wp-json\/wp\/v2\/users\/2"}],"replies":[{"embeddable":true,"href":"https:\/\/www.sudoestehoje.com.br\/novoportal\/wp-json\/wp\/v2\/comments?post=77696"}],"version-history":[{"count":4,"href":"https:\/\/www.sudoestehoje.com.br\/novoportal\/wp-json\/wp\/v2\/posts\/77696\/revisions"}],"predecessor-version":[{"id":77701,"href":"https:\/\/www.sudoestehoje.com.br\/novoportal\/wp-json\/wp\/v2\/posts\/77696\/revisions\/77701"}],"wp:featuredmedia":[{"embeddable":true,"href":"https:\/\/www.sudoestehoje.com.br\/novoportal\/wp-json\/wp\/v2\/media\/77698"}],"wp:attachment":[{"href":"https:\/\/www.sudoestehoje.com.br\/novoportal\/wp-json\/wp\/v2\/media?parent=77696"}],"wp:term":[{"taxonomy":"category","embeddable":true,"href":"https:\/\/www.sudoestehoje.com.br\/novoportal\/wp-json\/wp\/v2\/categories?post=77696"},{"taxonomy":"post_tag","embeddable":true,"href":"https:\/\/www.sudoestehoje.com.br\/novoportal\/wp-json\/wp\/v2\/tags?post=77696"}],"curies":[{"name":"wp","href":"https:\/\/api.w.org\/{rel}","templated":true}]}}