
{"id":77682,"date":"2019-01-14T23:43:29","date_gmt":"2019-01-15T02:43:29","guid":{"rendered":"http:\/\/www.sudoestehoje.com.br\/novoportal\/?p=77682"},"modified":"2019-01-14T23:43:29","modified_gmt":"2019-01-15T02:43:29","slug":"morre-fernando-do-bar-irmao-de-tavo-e-tio-de-james-do-sindicato","status":"publish","type":"post","link":"https:\/\/www.sudoestehoje.com.br\/novoportal\/2019\/01\/14\/morre-fernando-do-bar-irmao-de-tavo-e-tio-de-james-do-sindicato\/","title":{"rendered":"MORRE FERNANDO DO BAR, IRM\u00c3O DE &#8216;TAVO&#8217; E TIO DE JAMES DO SINDICATO"},"content":{"rendered":"<p><a href=\"http:\/\/www.sudoestehoje.com.br\/novoportal\/wp-content\/uploads\/2019\/01\/fernando-do-bar.jpg\"><img loading=\"lazy\" decoding=\"async\" class=\"aligncenter size-full wp-image-77683\" src=\"http:\/\/www.sudoestehoje.com.br\/novoportal\/wp-content\/uploads\/2019\/01\/fernando-do-bar.jpg\" alt=\"\" width=\"480\" height=\"480\" srcset=\"https:\/\/www.sudoestehoje.com.br\/novoportal\/wp-content\/uploads\/2019\/01\/fernando-do-bar.jpg 480w, https:\/\/www.sudoestehoje.com.br\/novoportal\/wp-content\/uploads\/2019\/01\/fernando-do-bar-150x150.jpg 150w\" sizes=\"auto, (max-width: 480px) 100vw, 480px\" \/><\/a><\/p>\n<p>Faleceu, na noite desta segunda-feira (14), Fernando Ant\u00f4nio Castro Alves, o popular &#8216;Fernando do Bar&#8217;, irm\u00e3o do saudoso &#8216;Tavo&#8217; e tio de James do Sindicato de Verdade.<\/p>\n<p>Fernando estava em internamento hospitalar h\u00e1 mais de um m\u00eas, tentando se recuperar de uma grave enfermidade, mas n\u00e3o resistiu e veio a \u00f3bito nesta segunda.<\/p>\n<p>O corpo ser\u00e1 velado na Pax e o sepultamento acontecer\u00e1 \u00e0s 17h desta ter\u00e7a-feira (15).<\/p>\n<p>O sudoeste Hoje manifesta as suas condol\u00eancias \u00e0 fam\u00edlia enlutada pela passagem do amigo Fernando.<\/p>\n<p>Davi Ferraz &#8211; Editor<\/p>\n","protected":false},"excerpt":{"rendered":"<p>Faleceu, na noite desta segunda-feira (14), Fernando Ant\u00f4nio Castro Alves, o popular &#8216;Fernando do Bar&#8217;, irm\u00e3o do saudoso &#8216;Tavo&#8217; e tio de James do Sindicato de Verdade. Fernando estava em internamento hospitalar h\u00e1 mais de um m\u00eas, tentando se recuperar de uma grave enfermidade, mas n\u00e3o resistiu e veio a \u00f3bito nesta segunda. O corpo [&hellip;]<\/p>\n","protected":false},"author":2,"featured_media":77683,"comment_status":"open","ping_status":"open","sticky":false,"template":"","format":"standard","meta":{"footnotes":"","_links_to":"","_links_to_target":""},"categories":[1],"tags":[],"class_list":["post-77682","post","type-post","status-publish","format-standard","has-post-thumbnail","hentry","category-geral"],"views":1705,"_links":{"self":[{"href":"https:\/\/www.sudoestehoje.com.br\/novoportal\/wp-json\/wp\/v2\/posts\/77682","targetHints":{"allow":["GET"]}}],"collection":[{"href":"https:\/\/www.sudoestehoje.com.br\/novoportal\/wp-json\/wp\/v2\/posts"}],"about":[{"href":"https:\/\/www.sudoestehoje.com.br\/novoportal\/wp-json\/wp\/v2\/types\/post"}],"author":[{"embeddable":true,"href":"https:\/\/www.sudoestehoje.com.br\/novoportal\/wp-json\/wp\/v2\/users\/2"}],"replies":[{"embeddable":true,"href":"https:\/\/www.sudoestehoje.com.br\/novoportal\/wp-json\/wp\/v2\/comments?post=77682"}],"version-history":[{"count":1,"href":"https:\/\/www.sudoestehoje.com.br\/novoportal\/wp-json\/wp\/v2\/posts\/77682\/revisions"}],"predecessor-version":[{"id":77684,"href":"https:\/\/www.sudoestehoje.com.br\/novoportal\/wp-json\/wp\/v2\/posts\/77682\/revisions\/77684"}],"wp:featuredmedia":[{"embeddable":true,"href":"https:\/\/www.sudoestehoje.com.br\/novoportal\/wp-json\/wp\/v2\/media\/77683"}],"wp:attachment":[{"href":"https:\/\/www.sudoestehoje.com.br\/novoportal\/wp-json\/wp\/v2\/media?parent=77682"}],"wp:term":[{"taxonomy":"category","embeddable":true,"href":"https:\/\/www.sudoestehoje.com.br\/novoportal\/wp-json\/wp\/v2\/categories?post=77682"},{"taxonomy":"post_tag","embeddable":true,"href":"https:\/\/www.sudoestehoje.com.br\/novoportal\/wp-json\/wp\/v2\/tags?post=77682"}],"curies":[{"name":"wp","href":"https:\/\/api.w.org\/{rel}","templated":true}]}}