
{"id":77651,"date":"2019-01-14T09:53:09","date_gmt":"2019-01-14T12:53:09","guid":{"rendered":"http:\/\/www.sudoestehoje.com.br\/novoportal\/?p=77651"},"modified":"2019-01-14T10:59:52","modified_gmt":"2019-01-14T13:59:52","slug":"morre-antonio-da-agua-ex-funcionario-do-saae-de-itapetinga","status":"publish","type":"post","link":"https:\/\/www.sudoestehoje.com.br\/novoportal\/2019\/01\/14\/morre-antonio-da-agua-ex-funcionario-do-saae-de-itapetinga\/","title":{"rendered":"MORRE &#8216;ANT\u00d4NIO DA \u00c1GUA&#8217;, EX-FUNCION\u00c1RIO DO SAAE DE ITAPETINGA"},"content":{"rendered":"<p><a href=\"http:\/\/www.sudoestehoje.com.br\/novoportal\/wp-content\/uploads\/2019\/01\/antonio-da-\u00e1gua.jpg\"><img loading=\"lazy\" decoding=\"async\" class=\"wp-image-77652 alignleft\" src=\"http:\/\/www.sudoestehoje.com.br\/novoportal\/wp-content\/uploads\/2019\/01\/antonio-da-\u00e1gua.jpg\" alt=\"\" width=\"220\" height=\"144\" \/><\/a><\/p>\n<p>Faleceu, neste domingo (13), Ant\u00f4nio Castro de Matos, ex-funcion\u00e1rio do SAAE de Itapetinga. Conhecido como &#8216;Ant\u00f4nio da \u00c1gua&#8217;, atuou por muito tempo na dire\u00e7\u00e3o da autarquia municipal, sendo reconhecido por todos os funcion\u00e1rios e popula\u00e7\u00e3o de Itapetinga como funcion\u00e1rio prestativo e competente.<\/p>\n<p>O \u00f3bito ocorreu no Hospital Salvador, na capital, devido a complica\u00e7\u00f5es causadas por diabetes.<\/p>\n<p>A fam\u00edlia ainda informou que o vel\u00f3rio ser\u00e1 na Comunidade Evang\u00e9lica Candeia, em Vit\u00f3ria da Conquista. O sepultamento est\u00e1 marcado para as 8h desta ter\u00e7a-feira (15), tamb\u00e9m em Vit\u00f3ria da Conquista.<\/p>\n<p>O Sudoeste Hoje manifesta as suas condol\u00eancias aos parentes, amigos e colegas de trabalho do Sr. Ant\u00f4nio, pela perda irrepar\u00e1vel de pessoa t\u00e3o querida.<\/p>\n<p><em><strong>Davi Ferraz &#8211; Editor<\/strong><\/em><\/p>\n","protected":false},"excerpt":{"rendered":"<p>Faleceu, neste domingo (13), Ant\u00f4nio Castro de Matos, ex-funcion\u00e1rio do SAAE de Itapetinga. Conhecido como &#8216;Ant\u00f4nio da \u00c1gua&#8217;, atuou por muito tempo na dire\u00e7\u00e3o da autarquia municipal, sendo reconhecido por todos os funcion\u00e1rios e popula\u00e7\u00e3o de Itapetinga como funcion\u00e1rio prestativo e competente. O \u00f3bito ocorreu no Hospital Salvador, na capital, devido a complica\u00e7\u00f5es causadas por [&hellip;]<\/p>\n","protected":false},"author":2,"featured_media":77652,"comment_status":"open","ping_status":"open","sticky":false,"template":"","format":"standard","meta":{"footnotes":"","_links_to":"","_links_to_target":""},"categories":[1],"tags":[],"class_list":["post-77651","post","type-post","status-publish","format-standard","has-post-thumbnail","hentry","category-geral"],"views":1957,"_links":{"self":[{"href":"https:\/\/www.sudoestehoje.com.br\/novoportal\/wp-json\/wp\/v2\/posts\/77651","targetHints":{"allow":["GET"]}}],"collection":[{"href":"https:\/\/www.sudoestehoje.com.br\/novoportal\/wp-json\/wp\/v2\/posts"}],"about":[{"href":"https:\/\/www.sudoestehoje.com.br\/novoportal\/wp-json\/wp\/v2\/types\/post"}],"author":[{"embeddable":true,"href":"https:\/\/www.sudoestehoje.com.br\/novoportal\/wp-json\/wp\/v2\/users\/2"}],"replies":[{"embeddable":true,"href":"https:\/\/www.sudoestehoje.com.br\/novoportal\/wp-json\/wp\/v2\/comments?post=77651"}],"version-history":[{"count":5,"href":"https:\/\/www.sudoestehoje.com.br\/novoportal\/wp-json\/wp\/v2\/posts\/77651\/revisions"}],"predecessor-version":[{"id":77657,"href":"https:\/\/www.sudoestehoje.com.br\/novoportal\/wp-json\/wp\/v2\/posts\/77651\/revisions\/77657"}],"wp:featuredmedia":[{"embeddable":true,"href":"https:\/\/www.sudoestehoje.com.br\/novoportal\/wp-json\/wp\/v2\/media\/77652"}],"wp:attachment":[{"href":"https:\/\/www.sudoestehoje.com.br\/novoportal\/wp-json\/wp\/v2\/media?parent=77651"}],"wp:term":[{"taxonomy":"category","embeddable":true,"href":"https:\/\/www.sudoestehoje.com.br\/novoportal\/wp-json\/wp\/v2\/categories?post=77651"},{"taxonomy":"post_tag","embeddable":true,"href":"https:\/\/www.sudoestehoje.com.br\/novoportal\/wp-json\/wp\/v2\/tags?post=77651"}],"curies":[{"name":"wp","href":"https:\/\/api.w.org\/{rel}","templated":true}]}}