
{"id":77638,"date":"2019-01-13T11:32:09","date_gmt":"2019-01-13T14:32:09","guid":{"rendered":"http:\/\/www.sudoestehoje.com.br\/novoportal\/?p=77638"},"modified":"2019-01-13T11:32:09","modified_gmt":"2019-01-13T14:32:09","slug":"carro-com-deputada-estadual-do-pdt-sofre-atentado-no-rio-de-janeiro","status":"publish","type":"post","link":"https:\/\/www.sudoestehoje.com.br\/novoportal\/2019\/01\/13\/carro-com-deputada-estadual-do-pdt-sofre-atentado-no-rio-de-janeiro\/","title":{"rendered":"CARRO COM DEPUTADA ESTADUAL DO PDT SOFRE ATENTADO NO RIO DE JANEIRO"},"content":{"rendered":"<p><a href=\"http:\/\/www.sudoestehoje.com.br\/novoportal\/wp-content\/uploads\/2019\/01\/MARTA.jpg\"><img loading=\"lazy\" decoding=\"async\" class=\"aligncenter size-medium wp-image-77639\" src=\"http:\/\/www.sudoestehoje.com.br\/novoportal\/wp-content\/uploads\/2019\/01\/MARTA-500x394.jpg\" alt=\"\" width=\"500\" height=\"394\" srcset=\"https:\/\/www.sudoestehoje.com.br\/novoportal\/wp-content\/uploads\/2019\/01\/MARTA-500x394.jpg 500w, https:\/\/www.sudoestehoje.com.br\/novoportal\/wp-content\/uploads\/2019\/01\/MARTA.jpg 533w\" sizes=\"auto, (max-width: 500px) 100vw, 500px\" \/><\/a><\/p>\n<p>O carro em que estava a deputada estadual do Rio de Janeiro e delegada Martha Rocha (PDT-RJ) foi atingido por tiros na manh\u00e3 deste domingo (13) no bairro da Penha, na Zona Norte do estado.<\/p>\n<p>De acordo com o portal G1, as primeiras informa\u00e7\u00f5es indicam que a parlamentar n\u00e3o se feriu. O motorista do ve\u00edculo foi baleado e est\u00e1 internado no Hospital Get\u00falio Vargas. N\u00e3o h\u00e1 informa\u00e7\u00f5es sobre o estado de sa\u00fade dele.<\/p>\n","protected":false},"excerpt":{"rendered":"<p>O carro em que estava a deputada estadual do Rio de Janeiro e delegada Martha Rocha (PDT-RJ) foi atingido por tiros na manh\u00e3 deste domingo (13) no bairro da Penha, na Zona Norte do estado. De acordo com o portal G1, as primeiras informa\u00e7\u00f5es indicam que a parlamentar n\u00e3o se feriu. O motorista do ve\u00edculo [&hellip;]<\/p>\n","protected":false},"author":2,"featured_media":77639,"comment_status":"open","ping_status":"open","sticky":false,"template":"","format":"standard","meta":{"footnotes":"","_links_to":"","_links_to_target":""},"categories":[1],"tags":[],"class_list":["post-77638","post","type-post","status-publish","format-standard","has-post-thumbnail","hentry","category-geral"],"views":969,"_links":{"self":[{"href":"https:\/\/www.sudoestehoje.com.br\/novoportal\/wp-json\/wp\/v2\/posts\/77638","targetHints":{"allow":["GET"]}}],"collection":[{"href":"https:\/\/www.sudoestehoje.com.br\/novoportal\/wp-json\/wp\/v2\/posts"}],"about":[{"href":"https:\/\/www.sudoestehoje.com.br\/novoportal\/wp-json\/wp\/v2\/types\/post"}],"author":[{"embeddable":true,"href":"https:\/\/www.sudoestehoje.com.br\/novoportal\/wp-json\/wp\/v2\/users\/2"}],"replies":[{"embeddable":true,"href":"https:\/\/www.sudoestehoje.com.br\/novoportal\/wp-json\/wp\/v2\/comments?post=77638"}],"version-history":[{"count":1,"href":"https:\/\/www.sudoestehoje.com.br\/novoportal\/wp-json\/wp\/v2\/posts\/77638\/revisions"}],"predecessor-version":[{"id":77640,"href":"https:\/\/www.sudoestehoje.com.br\/novoportal\/wp-json\/wp\/v2\/posts\/77638\/revisions\/77640"}],"wp:featuredmedia":[{"embeddable":true,"href":"https:\/\/www.sudoestehoje.com.br\/novoportal\/wp-json\/wp\/v2\/media\/77639"}],"wp:attachment":[{"href":"https:\/\/www.sudoestehoje.com.br\/novoportal\/wp-json\/wp\/v2\/media?parent=77638"}],"wp:term":[{"taxonomy":"category","embeddable":true,"href":"https:\/\/www.sudoestehoje.com.br\/novoportal\/wp-json\/wp\/v2\/categories?post=77638"},{"taxonomy":"post_tag","embeddable":true,"href":"https:\/\/www.sudoestehoje.com.br\/novoportal\/wp-json\/wp\/v2\/tags?post=77638"}],"curies":[{"name":"wp","href":"https:\/\/api.w.org\/{rel}","templated":true}]}}