
{"id":77634,"date":"2019-01-13T10:00:07","date_gmt":"2019-01-13T13:00:07","guid":{"rendered":"http:\/\/www.sudoestehoje.com.br\/novoportal\/?p=77634"},"modified":"2019-01-13T10:00:07","modified_gmt":"2019-01-13T13:00:07","slug":"itapetinga-obras-de-recuperacao-do-acesso-a-ba-263-sao-retomadas","status":"publish","type":"post","link":"https:\/\/www.sudoestehoje.com.br\/novoportal\/2019\/01\/13\/itapetinga-obras-de-recuperacao-do-acesso-a-ba-263-sao-retomadas\/","title":{"rendered":"ITAPETINGA: OBRAS DE RECUPERA\u00c7\u00c3O DO ACESSO \u00c0 BA-263 S\u00c3O RETOMADAS"},"content":{"rendered":"<p><a href=\"http:\/\/www.sudoestehoje.com.br\/novoportal\/wp-content\/uploads\/2019\/01\/AC-1.jpg\"><img loading=\"lazy\" decoding=\"async\" class=\"aligncenter size-medium wp-image-77635\" src=\"http:\/\/www.sudoestehoje.com.br\/novoportal\/wp-content\/uploads\/2019\/01\/AC-1-500x281.jpg\" alt=\"\" width=\"500\" height=\"281\" srcset=\"https:\/\/www.sudoestehoje.com.br\/novoportal\/wp-content\/uploads\/2019\/01\/AC-1-500x281.jpg 500w, https:\/\/www.sudoestehoje.com.br\/novoportal\/wp-content\/uploads\/2019\/01\/AC-1-768x432.jpg 768w, https:\/\/www.sudoestehoje.com.br\/novoportal\/wp-content\/uploads\/2019\/01\/AC-1-700x394.jpg 700w, https:\/\/www.sudoestehoje.com.br\/novoportal\/wp-content\/uploads\/2019\/01\/AC-1.jpg 960w\" sizes=\"auto, (max-width: 500px) 100vw, 500px\" \/><\/a><\/p>\n<p>Como o Sudoeste Hoje j\u00e1 havia informado, as obras de recupera\u00e7\u00e3o do acesso da BA-263, ligando o Parque de Exposi\u00e7\u00e3o \u00e0 Rodovi\u00e1ria, no per\u00edmetro urbano de Itapetinga, recome\u00e7aram na \u00faltima segunda-feira (7).<\/p>\n<p>Inicialmente, foi feito um tapa buracos emergencial nas imedia\u00e7\u00f5es da APAE, a pedido do prefeito Rodrigo Hagge e do editor deste blog, para acalmar alguns moradores exaltados do Recanto da Colina, que vinham reclamando da buraqueira na pista.<\/p>\n<p>No per\u00edmetro que liga a Exposi\u00e7\u00e3o \u00e0 rodovia, est\u00e3o sendo realizados servi\u00e7os de terraplenagem e drenagem de \u00e1reas alagadi\u00e7as, para ent\u00e3o dar in\u00edcio \u00e0 base asf\u00e1ltica nos 6,2 Km da pista. Posteriormente, ser\u00e1 assentada a l\u00e2mina asf\u00e1ltica e a sinaliza\u00e7\u00e3o de toda a via.<\/p>\n<p><a href=\"http:\/\/www.sudoestehoje.com.br\/novoportal\/wp-content\/uploads\/2019\/01\/AC-2.jpg\"><img loading=\"lazy\" decoding=\"async\" class=\"aligncenter size-medium wp-image-77636\" src=\"http:\/\/www.sudoestehoje.com.br\/novoportal\/wp-content\/uploads\/2019\/01\/AC-2-500x281.jpg\" alt=\"\" width=\"500\" height=\"281\" srcset=\"https:\/\/www.sudoestehoje.com.br\/novoportal\/wp-content\/uploads\/2019\/01\/AC-2-500x281.jpg 500w, https:\/\/www.sudoestehoje.com.br\/novoportal\/wp-content\/uploads\/2019\/01\/AC-2-768x432.jpg 768w, https:\/\/www.sudoestehoje.com.br\/novoportal\/wp-content\/uploads\/2019\/01\/AC-2-700x394.jpg 700w, https:\/\/www.sudoestehoje.com.br\/novoportal\/wp-content\/uploads\/2019\/01\/AC-2.jpg 960w\" sizes=\"auto, (max-width: 500px) 100vw, 500px\" \/><\/a><\/p>\n<p>A previs\u00e3o, segundo informa\u00e7\u00e3o do engenheiro respons\u00e1vel, \u00e9 de que a obra seja finalizada no m\u00eas de abril, dentro do prazo contratual.<\/p>\n<p><strong><em>Por Davi Ferraz<\/em><\/strong><\/p>\n","protected":false},"excerpt":{"rendered":"<p>Como o Sudoeste Hoje j\u00e1 havia informado, as obras de recupera\u00e7\u00e3o do acesso da BA-263, ligando o Parque de Exposi\u00e7\u00e3o \u00e0 Rodovi\u00e1ria, no per\u00edmetro urbano de Itapetinga, recome\u00e7aram na \u00faltima segunda-feira (7). Inicialmente, foi feito um tapa buracos emergencial nas imedia\u00e7\u00f5es da APAE, a pedido do prefeito Rodrigo Hagge e do editor deste blog, para [&hellip;]<\/p>\n","protected":false},"author":2,"featured_media":77635,"comment_status":"open","ping_status":"open","sticky":false,"template":"","format":"standard","meta":{"footnotes":"","_links_to":"","_links_to_target":""},"categories":[1],"tags":[],"class_list":["post-77634","post","type-post","status-publish","format-standard","has-post-thumbnail","hentry","category-geral"],"views":1149,"_links":{"self":[{"href":"https:\/\/www.sudoestehoje.com.br\/novoportal\/wp-json\/wp\/v2\/posts\/77634","targetHints":{"allow":["GET"]}}],"collection":[{"href":"https:\/\/www.sudoestehoje.com.br\/novoportal\/wp-json\/wp\/v2\/posts"}],"about":[{"href":"https:\/\/www.sudoestehoje.com.br\/novoportal\/wp-json\/wp\/v2\/types\/post"}],"author":[{"embeddable":true,"href":"https:\/\/www.sudoestehoje.com.br\/novoportal\/wp-json\/wp\/v2\/users\/2"}],"replies":[{"embeddable":true,"href":"https:\/\/www.sudoestehoje.com.br\/novoportal\/wp-json\/wp\/v2\/comments?post=77634"}],"version-history":[{"count":1,"href":"https:\/\/www.sudoestehoje.com.br\/novoportal\/wp-json\/wp\/v2\/posts\/77634\/revisions"}],"predecessor-version":[{"id":77637,"href":"https:\/\/www.sudoestehoje.com.br\/novoportal\/wp-json\/wp\/v2\/posts\/77634\/revisions\/77637"}],"wp:featuredmedia":[{"embeddable":true,"href":"https:\/\/www.sudoestehoje.com.br\/novoportal\/wp-json\/wp\/v2\/media\/77635"}],"wp:attachment":[{"href":"https:\/\/www.sudoestehoje.com.br\/novoportal\/wp-json\/wp\/v2\/media?parent=77634"}],"wp:term":[{"taxonomy":"category","embeddable":true,"href":"https:\/\/www.sudoestehoje.com.br\/novoportal\/wp-json\/wp\/v2\/categories?post=77634"},{"taxonomy":"post_tag","embeddable":true,"href":"https:\/\/www.sudoestehoje.com.br\/novoportal\/wp-json\/wp\/v2\/tags?post=77634"}],"curies":[{"name":"wp","href":"https:\/\/api.w.org\/{rel}","templated":true}]}}