
{"id":77617,"date":"2019-01-11T20:27:29","date_gmt":"2019-01-11T23:27:29","guid":{"rendered":"http:\/\/www.sudoestehoje.com.br\/novoportal\/?p=77617"},"modified":"2019-01-11T20:27:29","modified_gmt":"2019-01-11T23:27:29","slug":"inflacao-oficial-fecha-2018-em-375","status":"publish","type":"post","link":"https:\/\/www.sudoestehoje.com.br\/novoportal\/2019\/01\/11\/inflacao-oficial-fecha-2018-em-375\/","title":{"rendered":"INFLA\u00c7\u00c3O OFICIAL FECHA 2018 EM 3,75%"},"content":{"rendered":"<p><a href=\"http:\/\/www.sudoestehoje.com.br\/novoportal\/wp-content\/uploads\/2019\/01\/CAI-INFLA\u00c7\u00c3O.png\"><img loading=\"lazy\" decoding=\"async\" class=\"aligncenter size-medium wp-image-77618\" src=\"http:\/\/www.sudoestehoje.com.br\/novoportal\/wp-content\/uploads\/2019\/01\/CAI-INFLA\u00c7\u00c3O-500x292.png\" alt=\"\" width=\"500\" height=\"292\" srcset=\"https:\/\/www.sudoestehoje.com.br\/novoportal\/wp-content\/uploads\/2019\/01\/CAI-INFLA\u00c7\u00c3O-500x292.png 500w, https:\/\/www.sudoestehoje.com.br\/novoportal\/wp-content\/uploads\/2019\/01\/CAI-INFLA\u00c7\u00c3O.png 599w\" sizes=\"auto, (max-width: 500px) 100vw, 500px\" \/><\/a><\/p>\n<p>A infla\u00e7\u00e3o oficial, medida pelo \u00cdndice Nacional de Pre\u00e7os ao Consumidor Amplo (IPCA), fechou 2018 em 3,75%. Em 2017, ela havia ficado em 2,95%.<\/p>\n<p>Os dados foram divulgados hoje (11), no Rio de Janeiro, pelo Instituto Brasileiro de Geografia e Estat\u00edstica (IBGE).<\/p>\n<p>Em dezembro, o IPCA registrou infla\u00e7\u00e3o de 0,15%, taxa maior que a de novembro, que teve defla\u00e7\u00e3o de 0,21%.\u00a0Em dezembro de 2017, o indicador havia registrado infla\u00e7\u00e3o de 0,44%.<\/p>\n","protected":false},"excerpt":{"rendered":"<p>A infla\u00e7\u00e3o oficial, medida pelo \u00cdndice Nacional de Pre\u00e7os ao Consumidor Amplo (IPCA), fechou 2018 em 3,75%. Em 2017, ela havia ficado em 2,95%. Os dados foram divulgados hoje (11), no Rio de Janeiro, pelo Instituto Brasileiro de Geografia e Estat\u00edstica (IBGE). Em dezembro, o IPCA registrou infla\u00e7\u00e3o de 0,15%, taxa maior que a de [&hellip;]<\/p>\n","protected":false},"author":2,"featured_media":77618,"comment_status":"open","ping_status":"open","sticky":false,"template":"","format":"standard","meta":{"footnotes":"","_links_to":"","_links_to_target":""},"categories":[1],"tags":[],"class_list":["post-77617","post","type-post","status-publish","format-standard","has-post-thumbnail","hentry","category-geral"],"views":899,"_links":{"self":[{"href":"https:\/\/www.sudoestehoje.com.br\/novoportal\/wp-json\/wp\/v2\/posts\/77617","targetHints":{"allow":["GET"]}}],"collection":[{"href":"https:\/\/www.sudoestehoje.com.br\/novoportal\/wp-json\/wp\/v2\/posts"}],"about":[{"href":"https:\/\/www.sudoestehoje.com.br\/novoportal\/wp-json\/wp\/v2\/types\/post"}],"author":[{"embeddable":true,"href":"https:\/\/www.sudoestehoje.com.br\/novoportal\/wp-json\/wp\/v2\/users\/2"}],"replies":[{"embeddable":true,"href":"https:\/\/www.sudoestehoje.com.br\/novoportal\/wp-json\/wp\/v2\/comments?post=77617"}],"version-history":[{"count":1,"href":"https:\/\/www.sudoestehoje.com.br\/novoportal\/wp-json\/wp\/v2\/posts\/77617\/revisions"}],"predecessor-version":[{"id":77619,"href":"https:\/\/www.sudoestehoje.com.br\/novoportal\/wp-json\/wp\/v2\/posts\/77617\/revisions\/77619"}],"wp:featuredmedia":[{"embeddable":true,"href":"https:\/\/www.sudoestehoje.com.br\/novoportal\/wp-json\/wp\/v2\/media\/77618"}],"wp:attachment":[{"href":"https:\/\/www.sudoestehoje.com.br\/novoportal\/wp-json\/wp\/v2\/media?parent=77617"}],"wp:term":[{"taxonomy":"category","embeddable":true,"href":"https:\/\/www.sudoestehoje.com.br\/novoportal\/wp-json\/wp\/v2\/categories?post=77617"},{"taxonomy":"post_tag","embeddable":true,"href":"https:\/\/www.sudoestehoje.com.br\/novoportal\/wp-json\/wp\/v2\/tags?post=77617"}],"curies":[{"name":"wp","href":"https:\/\/api.w.org\/{rel}","templated":true}]}}