
{"id":77614,"date":"2019-01-11T19:44:16","date_gmt":"2019-01-11T22:44:16","guid":{"rendered":"http:\/\/www.sudoestehoje.com.br\/novoportal\/?p=77614"},"modified":"2019-01-11T19:44:16","modified_gmt":"2019-01-11T22:44:16","slug":"vereador-sobe-e-anda-em-capo-de-carro-parado-em-faixa-de-pedestre-veja-video","status":"publish","type":"post","link":"https:\/\/www.sudoestehoje.com.br\/novoportal\/2019\/01\/11\/vereador-sobe-e-anda-em-capo-de-carro-parado-em-faixa-de-pedestre-veja-video\/","title":{"rendered":"VEREADOR SOBE E ANDA EM CAP\u00d4 DE CARRO PARADO EM FAIXA DE PEDESTRE; VEJA V\u00cdDEO"},"content":{"rendered":"<p><a href=\"http:\/\/www.sudoestehoje.com.br\/novoportal\/wp-content\/uploads\/2019\/01\/vereador-daguimar-nogueira.jpg\"><img loading=\"lazy\" decoding=\"async\" class=\"aligncenter size-medium wp-image-77615\" src=\"http:\/\/www.sudoestehoje.com.br\/novoportal\/wp-content\/uploads\/2019\/01\/vereador-daguimar-nogueira-500x350.jpg\" alt=\"\" width=\"500\" height=\"350\" srcset=\"https:\/\/www.sudoestehoje.com.br\/novoportal\/wp-content\/uploads\/2019\/01\/vereador-daguimar-nogueira-500x350.jpg 500w, https:\/\/www.sudoestehoje.com.br\/novoportal\/wp-content\/uploads\/2019\/01\/vereador-daguimar-nogueira.jpg 600w\" sizes=\"auto, (max-width: 500px) 100vw, 500px\" \/><\/a><\/p>\n<p>Vereador do munic\u00edpio de S\u00e3o Bento do Sul (SC), Daguimar Nogueira (PSB) fez um protesto inusitado contra um carro que parou na faixa de pedestres. Ao se deparar com o ve\u00edculo impedindo a passagem em uma rua da sua cidade, ele subiu no carro e continuou caminhando para atravessar a pista.<\/p>\n<p>A a\u00e7\u00e3o foi flagrada por c\u00e2meras de seguran\u00e7a da Pol\u00edcia Militar e viralizou nas redes sociais nesta sexta-feira (11). O caso ocorreu na \u00faltima ter\u00e7a (8).<\/p>\n<p>Ao site NSC Total, o vereador afirma que estava a caminho de um compromisso no momento em que viu o carro. \u201cEstava tudo parado por causa da sinaleira e tinha v\u00e1rias pessoas esperando para atravessar. No instinto, simplesmente passei por cima do carro, tamb\u00e9m como uma forma de protesto\u201d, diz.<\/p>\n<p><iframe loading=\"lazy\" title=\"Vereador passa por cima de carro parado na faixa de pedestres em S\u00e3o Bento do Sul\" width=\"500\" height=\"281\" src=\"https:\/\/www.youtube.com\/embed\/tldsjiCgj2Q?start=7&#038;feature=oembed\" frameborder=\"0\" allow=\"accelerometer; autoplay; clipboard-write; encrypted-media; gyroscope; picture-in-picture; web-share\" referrerpolicy=\"strict-origin-when-cross-origin\" allowfullscreen><\/iframe><\/p>\n<p>Pelas imagens, \u00e9 poss\u00edvel ver que o carro tentou seguir andando com o homem ainda em cima dele. \/\/<em>Com informa\u00e7\u00f5es da Folha<\/em><\/p>\n","protected":false},"excerpt":{"rendered":"<p>Vereador do munic\u00edpio de S\u00e3o Bento do Sul (SC), Daguimar Nogueira (PSB) fez um protesto inusitado contra um carro que parou na faixa de pedestres. Ao se deparar com o ve\u00edculo impedindo a passagem em uma rua da sua cidade, ele subiu no carro e continuou caminhando para atravessar a pista. A a\u00e7\u00e3o foi flagrada [&hellip;]<\/p>\n","protected":false},"author":2,"featured_media":77615,"comment_status":"open","ping_status":"open","sticky":false,"template":"","format":"standard","meta":{"footnotes":"","_links_to":"","_links_to_target":""},"categories":[1],"tags":[],"class_list":["post-77614","post","type-post","status-publish","format-standard","has-post-thumbnail","hentry","category-geral"],"views":1045,"_links":{"self":[{"href":"https:\/\/www.sudoestehoje.com.br\/novoportal\/wp-json\/wp\/v2\/posts\/77614","targetHints":{"allow":["GET"]}}],"collection":[{"href":"https:\/\/www.sudoestehoje.com.br\/novoportal\/wp-json\/wp\/v2\/posts"}],"about":[{"href":"https:\/\/www.sudoestehoje.com.br\/novoportal\/wp-json\/wp\/v2\/types\/post"}],"author":[{"embeddable":true,"href":"https:\/\/www.sudoestehoje.com.br\/novoportal\/wp-json\/wp\/v2\/users\/2"}],"replies":[{"embeddable":true,"href":"https:\/\/www.sudoestehoje.com.br\/novoportal\/wp-json\/wp\/v2\/comments?post=77614"}],"version-history":[{"count":1,"href":"https:\/\/www.sudoestehoje.com.br\/novoportal\/wp-json\/wp\/v2\/posts\/77614\/revisions"}],"predecessor-version":[{"id":77616,"href":"https:\/\/www.sudoestehoje.com.br\/novoportal\/wp-json\/wp\/v2\/posts\/77614\/revisions\/77616"}],"wp:featuredmedia":[{"embeddable":true,"href":"https:\/\/www.sudoestehoje.com.br\/novoportal\/wp-json\/wp\/v2\/media\/77615"}],"wp:attachment":[{"href":"https:\/\/www.sudoestehoje.com.br\/novoportal\/wp-json\/wp\/v2\/media?parent=77614"}],"wp:term":[{"taxonomy":"category","embeddable":true,"href":"https:\/\/www.sudoestehoje.com.br\/novoportal\/wp-json\/wp\/v2\/categories?post=77614"},{"taxonomy":"post_tag","embeddable":true,"href":"https:\/\/www.sudoestehoje.com.br\/novoportal\/wp-json\/wp\/v2\/tags?post=77614"}],"curies":[{"name":"wp","href":"https:\/\/api.w.org\/{rel}","templated":true}]}}