
{"id":77585,"date":"2019-01-10T18:29:01","date_gmt":"2019-01-10T21:29:01","guid":{"rendered":"http:\/\/www.sudoestehoje.com.br\/novoportal\/?p=77585"},"modified":"2019-01-10T18:29:01","modified_gmt":"2019-01-10T21:29:01","slug":"rui-diz-que-nao-se-sensibiliza-com-pedidos-de-diretores-e-vices-de-colegios-dedicacao-exclusiva-permanece","status":"publish","type":"post","link":"https:\/\/www.sudoestehoje.com.br\/novoportal\/2019\/01\/10\/rui-diz-que-nao-se-sensibiliza-com-pedidos-de-diretores-e-vices-de-colegios-dedicacao-exclusiva-permanece\/","title":{"rendered":"RUI DIZ QUE N\u00c3O SE &#8216;SENSIBILIZA&#8217; COM PEDIDOS DE DIRETORES E VICES DE COL\u00c9GIOS; DEDICA\u00c7\u00c3O EXCLUSIVA PERMANECE"},"content":{"rendered":"<p><a href=\"http:\/\/www.sudoestehoje.com.br\/novoportal\/wp-content\/uploads\/2019\/01\/ruicosta.jpeg\"><img loading=\"lazy\" decoding=\"async\" class=\"aligncenter size-medium wp-image-77588\" src=\"http:\/\/www.sudoestehoje.com.br\/novoportal\/wp-content\/uploads\/2019\/01\/ruicosta-500x350.jpeg\" alt=\"\" width=\"500\" height=\"350\" srcset=\"https:\/\/www.sudoestehoje.com.br\/novoportal\/wp-content\/uploads\/2019\/01\/ruicosta-500x350.jpeg 500w, https:\/\/www.sudoestehoje.com.br\/novoportal\/wp-content\/uploads\/2019\/01\/ruicosta.jpeg 600w\" sizes=\"auto, (max-width: 500px) 100vw, 500px\" \/><\/a><\/p>\n<p>O governador Rui Costa (PT) disse, na manh\u00e3 desta quinta-feira (10), que \u201cn\u00e3o fica sensibilizado\u201d com o pedido da APLB-Sindicato para que diretores e vice conciliem as fun\u00e7\u00f5es\u00a0com outras. O petista quer que os diretores e vice tenham dedica\u00e7\u00e3o exclusiva.<\/p>\n<p>\u201cInfelizmente, n\u00f3s constatamos que alguns diretores de escolas em Salvador ensinam durante o dia em Catu, S\u00e3o Francisco, em Candeias. N\u00e3o consigo estar sensibilizado [com o\u00a0 pleito da APLB].\u00a0Me desculpe. Fico indignado com isso. Quer usar a jornada de trabalho do dia para viajar para outro munic\u00edpio e receber como diretor de escola. Pergunta ao povo se acha isso correto.\u00a0\u00c9 assim que vamos melhorar a educa\u00e7\u00e3o?\u201d, indagou, durante entrega de uma nova obra de conten\u00e7\u00e3o de encosta no Sub\u00farbio Ferrovi\u00e1rio de Salvador.<\/p>\n<p>Os diretores e vice-diretores da rede estadual decidiram realizar ato p\u00fablico nesta sexta-feira (11), \u00e0s 8h, na Governadoria, que fica localizada no CAB, em Salvador. De acordo com a APLB-Sindicato, \u00e9 poss\u00edvel que aconte\u00e7a um pedido de exonera\u00e7\u00e3o coletiva de diretores e vice-diretores de escola, o que pode comprometer o processo de matr\u00edcula e o in\u00edcio do ano letivo.<\/p>\n","protected":false},"excerpt":{"rendered":"<p>O governador Rui Costa (PT) disse, na manh\u00e3 desta quinta-feira (10), que \u201cn\u00e3o fica sensibilizado\u201d com o pedido da APLB-Sindicato para que diretores e vice conciliem as fun\u00e7\u00f5es\u00a0com outras. O petista quer que os diretores e vice tenham dedica\u00e7\u00e3o exclusiva. \u201cInfelizmente, n\u00f3s constatamos que alguns diretores de escolas em Salvador ensinam durante o dia em [&hellip;]<\/p>\n","protected":false},"author":2,"featured_media":77588,"comment_status":"open","ping_status":"open","sticky":false,"template":"","format":"standard","meta":{"footnotes":"","_links_to":"","_links_to_target":""},"categories":[1],"tags":[],"class_list":["post-77585","post","type-post","status-publish","format-standard","has-post-thumbnail","hentry","category-geral"],"views":1035,"_links":{"self":[{"href":"https:\/\/www.sudoestehoje.com.br\/novoportal\/wp-json\/wp\/v2\/posts\/77585","targetHints":{"allow":["GET"]}}],"collection":[{"href":"https:\/\/www.sudoestehoje.com.br\/novoportal\/wp-json\/wp\/v2\/posts"}],"about":[{"href":"https:\/\/www.sudoestehoje.com.br\/novoportal\/wp-json\/wp\/v2\/types\/post"}],"author":[{"embeddable":true,"href":"https:\/\/www.sudoestehoje.com.br\/novoportal\/wp-json\/wp\/v2\/users\/2"}],"replies":[{"embeddable":true,"href":"https:\/\/www.sudoestehoje.com.br\/novoportal\/wp-json\/wp\/v2\/comments?post=77585"}],"version-history":[{"count":3,"href":"https:\/\/www.sudoestehoje.com.br\/novoportal\/wp-json\/wp\/v2\/posts\/77585\/revisions"}],"predecessor-version":[{"id":77589,"href":"https:\/\/www.sudoestehoje.com.br\/novoportal\/wp-json\/wp\/v2\/posts\/77585\/revisions\/77589"}],"wp:featuredmedia":[{"embeddable":true,"href":"https:\/\/www.sudoestehoje.com.br\/novoportal\/wp-json\/wp\/v2\/media\/77588"}],"wp:attachment":[{"href":"https:\/\/www.sudoestehoje.com.br\/novoportal\/wp-json\/wp\/v2\/media?parent=77585"}],"wp:term":[{"taxonomy":"category","embeddable":true,"href":"https:\/\/www.sudoestehoje.com.br\/novoportal\/wp-json\/wp\/v2\/categories?post=77585"},{"taxonomy":"post_tag","embeddable":true,"href":"https:\/\/www.sudoestehoje.com.br\/novoportal\/wp-json\/wp\/v2\/tags?post=77585"}],"curies":[{"name":"wp","href":"https:\/\/api.w.org\/{rel}","templated":true}]}}